{"id":24175,"date":"2017-11-16T14:46:03","date_gmt":"2017-11-16T16:46:03","guid":{"rendered":"http:\/\/www.riogrande.rs.gov.br\/smed\/?p=24175"},"modified":"2017-11-16T14:48:09","modified_gmt":"2017-11-16T16:48:09","slug":"eleicao-direta-para-escolha-dos-diretores-e-vice-diretores-das-escolas-da-rede-publica-municipal-de-ensino-do-rio-grande-aconteceu-no-dia-13","status":"publish","type":"post","link":"https:\/\/www.riogrande.rs.gov.br\/smed\/?p=24175","title":{"rendered":"Elei\u00e7\u00e3o Direta para Escolha dos Diretores e Vice-Diretores das Escolas da Rede P\u00fablica Municipal de Ensino do Rio Grande aconteceu no dia 13"},"content":{"rendered":"<div id=\"attachment_24176\" style=\"width: 495px\" class=\"wp-caption aligncenter\"><a href=\"http:\/\/www.riogrande.rs.gov.br\/smed\/wp-content\/uploads\/2017\/11\/20171116-ped-eleicao-image1.jpg\" rel=\"lightbox[24175]\"><img loading=\"lazy\" decoding=\"async\" aria-describedby=\"caption-attachment-24176\" class=\"size-medium wp-image-24176\" src=\"http:\/\/www.riogrande.rs.gov.br\/smed\/wp-content\/uploads\/2017\/11\/20171116-ped-eleicao-image1-485x647.jpg\" alt=\"\" width=\"485\" height=\"647\" srcset=\"https:\/\/www.riogrande.rs.gov.br\/smed\/wp-content\/uploads\/2017\/11\/20171116-ped-eleicao-image1-485x647.jpg 485w, https:\/\/www.riogrande.rs.gov.br\/smed\/wp-content\/uploads\/2017\/11\/20171116-ped-eleicao-image1-768x1024.jpg 768w, https:\/\/www.riogrande.rs.gov.br\/smed\/wp-content\/uploads\/2017\/11\/20171116-ped-eleicao-image1-155x207.jpg 155w, https:\/\/www.riogrande.rs.gov.br\/smed\/wp-content\/uploads\/2017\/11\/20171116-ped-eleicao-image1.jpg 800w\" sizes=\"(max-width: 485px) 100vw, 485px\" \/><\/a><p id=\"caption-attachment-24176\" class=\"wp-caption-text\">Divulga\u00e7\u00e3o<\/p><\/div>\n<p style=\"text-align: justify;\">Na \u00faltima segunda-feira, <b>13 de novembro<\/b>, ocorreu a elei\u00e7\u00e3o direta uninominal para escolha dos Diretores e Vice-Diretores das Escolas da Rede P\u00fablica Municipal de Ensino do Rio Grande, momento em que a comunidade escolar, composta pelos profissionais da educa\u00e7\u00e3o, alunos, pais, m\u00e3es e respons\u00e1veis, teve \u00a0a oportunidade de exercer a cidadania e vivenciar a democracia em sua plenitude.<\/p>\n<p style=\"text-align: justify;\"><!--more--><\/p>\n<p>&nbsp;<\/p>\n<p style=\"text-align: justify;\">De acordo com o secret\u00e1rio de Munic\u00edpio da Educa\u00e7\u00e3o, Andr\u00e9 Lemes da Silva, &#8220;<b>foi uma oportunidade de exercer a cidadania e escolher os diretores e vice-diretores das escolas da nossa Rede Municipal de Rio Grande. Meus 3 filhos estudam nas nossas escolas municipais e tenho muito orgulho disso. Ensinar a eles esse processo cidad\u00e3o \u00e9 um dever de todos n\u00f3s: pais, respons\u00e1veis e educadores. Orgulho sem tamanho do trabalho da nossa Comiss\u00e3o Eleitoral Central e das Comiss\u00f5es das Escolas. Parab\u00e9ns aos candidatos pela disponibilidade de seus nomes. Na democracia escolar somos todos vencedores<\/b>&#8220;.<\/p>\n<p style=\"text-align: justify;\">A Comiss\u00e3o Eleitoral Central, que regrou e fiscalizou o processo eleitoral, desempenhou seu papel de forma correta e s\u00e9ria, sanando d\u00favidas relativas \u00e0 elei\u00e7\u00e3o e orientando todos os candidatos, permitindo, assim, que o ato democr\u00e1tico se desenvolvesse \u00a0tranquilamente at\u00e9 a sua conclus\u00e3o, no dia 13. De acordo com a Comiss\u00e3o, 60 escolas da rede municipal participaram do processo eleitoral, sendo que 210 professores disponibilizaram seus nomes para que, no per\u00edodo de 25 de outubro a 09 de novembro, divulgassem suas propostas e projetos junto \u00e0s comunidades escolares.<\/p>\n<p style=\"text-align: justify;\">\u201c<b>Enquanto Comiss\u00e3o Central, tivemos como principal objetivo orientar os candidatos e auxiliar as Comiss\u00f5es Eleitorais das Escolas na orienta\u00e7\u00e3o \u00e0 comunidade escolar do qu\u00e3o era importante esse processo e da escolha democr\u00e1tica dos gestores das Escolas do nosso Munic\u00edpio. Assim como o Secret\u00e1rio de Educa\u00e7\u00e3o, tenho meus filhos matriculados em nossa Rede Municipal, pois acredito em nosso trabalho como professores, no comprometimento e em uma Educa\u00e7\u00e3o P\u00fablica de qualidade. Comparecendo nestas Elei\u00e7\u00f5es, a comunidade escolar, al\u00e9m de participar efetivamente deste processo, exercendo o voto, \u00a0demonstrou na pr\u00e1tica para os filhos o que \u00e9 a democracia e a liberdade de escolha dos gestores de suas escolas pelos pr\u00f3ximos 3 anos<\/b>\u201d, explicou a presidente da Comiss\u00e3o Eleitoral Central, Karen Godoy Silveira.<\/p>\n<p style=\"text-align: justify;\">Para ver a lista dos gestores eleitos no \u00faltimo dia 13, clique <strong><a href=\"http:\/\/www.riogrande.rs.gov.br\/smed\/wp-content\/uploads\/2017\/11\/20171114-chapas_eleitas.pdf\" target=\"_blank\" rel=\"noopener\">AQUI<\/a>.<\/strong><\/p>\n<p style=\"text-align: right;\"><em>SMEd<\/em><br \/>\n<em> Roberton Reis<\/em><\/p>\n","protected":false},"excerpt":{"rendered":"<p>Na \u00faltima segunda-feira, 13 de novembro, ocorreu a elei\u00e7\u00e3o direta uninominal para escolha dos Diretores e Vice-Diretores das Escolas da Rede P\u00fablica Municipal de Ensino do Rio Grande, momento em que a comunidade escolar, composta pelos profissionais da educa\u00e7\u00e3o, alunos, pais, m\u00e3es e respons\u00e1veis, teve \u00a0a oportunidade de exercer a cidadania e vivenciar a democracia [&hellip;]<\/p>\n","protected":false},"author":7,"featured_media":0,"comment_status":"closed","ping_status":"closed","sticky":false,"template":"","format":"standard","meta":{"footnotes":""},"categories":[1,13],"tags":[],"class_list":["post-24175","post","type-post","status-publish","format-standard","hentry","category-noticias","category-pedagogico"],"_links":{"self":[{"href":"https:\/\/www.riogrande.rs.gov.br\/smed\/index.php?rest_route=\/wp\/v2\/posts\/24175"}],"collection":[{"href":"https:\/\/www.riogrande.rs.gov.br\/smed\/index.php?rest_route=\/wp\/v2\/posts"}],"about":[{"href":"https:\/\/www.riogrande.rs.gov.br\/smed\/index.php?rest_route=\/wp\/v2\/types\/post"}],"author":[{"embeddable":true,"href":"https:\/\/www.riogrande.rs.gov.br\/smed\/index.php?rest_route=\/wp\/v2\/users\/7"}],"replies":[{"embeddable":true,"href":"https:\/\/www.riogrande.rs.gov.br\/smed\/index.php?rest_route=%2Fwp%2Fv2%2Fcomments&post=24175"}],"version-history":[{"count":2,"href":"https:\/\/www.riogrande.rs.gov.br\/smed\/index.php?rest_route=\/wp\/v2\/posts\/24175\/revisions"}],"predecessor-version":[{"id":24178,"href":"https:\/\/www.riogrande.rs.gov.br\/smed\/index.php?rest_route=\/wp\/v2\/posts\/24175\/revisions\/24178"}],"wp:attachment":[{"href":"https:\/\/www.riogrande.rs.gov.br\/smed\/index.php?rest_route=%2Fwp%2Fv2%2Fmedia&parent=24175"}],"wp:term":[{"taxonomy":"category","embeddable":true,"href":"https:\/\/www.riogrande.rs.gov.br\/smed\/index.php?rest_route=%2Fwp%2Fv2%2Fcategories&post=24175"},{"taxonomy":"post_tag","embeddable":true,"href":"https:\/\/www.riogrande.rs.gov.br\/smed\/index.php?rest_route=%2Fwp%2Fv2%2Ftags&post=24175"}],"curies":[{"name":"wp","href":"https:\/\/api.w.org\/{rel}","templated":true}]}}