{"id":24173,"date":"2017-11-16T14:40:10","date_gmt":"2017-11-16T16:40:10","guid":{"rendered":"http:\/\/www.riogrande.rs.gov.br\/smed\/?p=24173"},"modified":"2017-11-16T14:40:10","modified_gmt":"2017-11-16T16:40:10","slug":"smed-realizara-reuniao-com-gestores-das-escolas-da-rede-municipal-nesta-sexta-feira-17","status":"publish","type":"post","link":"https:\/\/www.riogrande.rs.gov.br\/smed\/?p=24173","title":{"rendered":"SMEd realizar\u00e1 reuni\u00e3o com Gestores das Escolas da Rede Municipal nesta sexta-feira, 17"},"content":{"rendered":"<p style=\"text-align: justify;\">O secret\u00e1rio de Munic\u00edpio da Educa\u00e7\u00e3o de Rio Grande, Andr\u00e9 Lemes da Silva, realizar\u00e1, na pr\u00f3xima sexta-feira, dia <b>17 de novembro<\/b>, \u00e0s <b>14h<\/b>, no Audit\u00f3rio da Escola Municipal de Ensino Fundamental <b>Cipriano Porto Alegre<\/b>, reuni\u00e3o com os gestores das escolas da rede p\u00fablica municipal de ensino.<\/p>\n<p style=\"text-align: right;\"><em>SMEd<\/em><br \/>\n<em> Roberton Reis<\/em><\/p>\n","protected":false},"excerpt":{"rendered":"<p>O secret\u00e1rio de Munic\u00edpio da Educa\u00e7\u00e3o de Rio Grande, Andr\u00e9 Lemes da Silva, realizar\u00e1, na pr\u00f3xima sexta-feira, dia 17 de novembro, \u00e0s 14h, no Audit\u00f3rio da Escola Municipal de Ensino Fundamental Cipriano Porto Alegre, reuni\u00e3o com os gestores das escolas da rede p\u00fablica municipal de ensino. SMEd Roberton Reis<\/p>\n","protected":false},"author":7,"featured_media":0,"comment_status":"closed","ping_status":"closed","sticky":false,"template":"","format":"standard","meta":{"footnotes":""},"categories":[1,13],"tags":[],"class_list":["post-24173","post","type-post","status-publish","format-standard","hentry","category-noticias","category-pedagogico"],"_links":{"self":[{"href":"https:\/\/www.riogrande.rs.gov.br\/smed\/index.php?rest_route=\/wp\/v2\/posts\/24173"}],"collection":[{"href":"https:\/\/www.riogrande.rs.gov.br\/smed\/index.php?rest_route=\/wp\/v2\/posts"}],"about":[{"href":"https:\/\/www.riogrande.rs.gov.br\/smed\/index.php?rest_route=\/wp\/v2\/types\/post"}],"author":[{"embeddable":true,"href":"https:\/\/www.riogrande.rs.gov.br\/smed\/index.php?rest_route=\/wp\/v2\/users\/7"}],"replies":[{"embeddable":true,"href":"https:\/\/www.riogrande.rs.gov.br\/smed\/index.php?rest_route=%2Fwp%2Fv2%2Fcomments&post=24173"}],"version-history":[{"count":1,"href":"https:\/\/www.riogrande.rs.gov.br\/smed\/index.php?rest_route=\/wp\/v2\/posts\/24173\/revisions"}],"predecessor-version":[{"id":24174,"href":"https:\/\/www.riogrande.rs.gov.br\/smed\/index.php?rest_route=\/wp\/v2\/posts\/24173\/revisions\/24174"}],"wp:attachment":[{"href":"https:\/\/www.riogrande.rs.gov.br\/smed\/index.php?rest_route=%2Fwp%2Fv2%2Fmedia&parent=24173"}],"wp:term":[{"taxonomy":"category","embeddable":true,"href":"https:\/\/www.riogrande.rs.gov.br\/smed\/index.php?rest_route=%2Fwp%2Fv2%2Fcategories&post=24173"},{"taxonomy":"post_tag","embeddable":true,"href":"https:\/\/www.riogrande.rs.gov.br\/smed\/index.php?rest_route=%2Fwp%2Fv2%2Ftags&post=24173"}],"curies":[{"name":"wp","href":"https:\/\/api.w.org\/{rel}","templated":true}]}}