{"id":24136,"date":"2017-11-13T21:30:37","date_gmt":"2017-11-13T23:30:37","guid":{"rendered":"http:\/\/www.riogrande.rs.gov.br\/smed\/?p=24136"},"modified":"2017-11-13T21:50:03","modified_gmt":"2017-11-13T23:50:03","slug":"inscricoes-para-educacao-infantil-prorrogado-ate-dia-15","status":"publish","type":"post","link":"https:\/\/www.riogrande.rs.gov.br\/smed\/?p=24136","title":{"rendered":"Inscri\u00e7\u00f5es para Educa\u00e7\u00e3o Infantil prorrogadas at\u00e9 dia 15"},"content":{"rendered":"<p style=\"text-align: justify;\">A Secretaria de Munic\u00edpio da Educa\u00e7\u00e3o de Rio Grande (SMEd) informa que o 2\u00b0 per\u00edodo de inscri\u00e7\u00f5es para a Educa\u00e7\u00e3o Infantil, que deveria ser encerrado no dia 14, ser\u00e1 prorrogado at\u00e9 o dia 15, \u00e0s 23h. A prorroga\u00e7\u00e3o do prazo ocorrer\u00e1 porque houve atraso na abertura das inscri\u00e7\u00f5es, que ser\u00e1 compensado agora.<\/p>\n<p>&nbsp;<\/p>\n<p style=\"text-align: right;\"><em>SMEd<\/em><\/p>\n","protected":false},"excerpt":{"rendered":"<p>A Secretaria de Munic\u00edpio da Educa\u00e7\u00e3o de Rio Grande (SMEd) informa que o 2\u00b0 per\u00edodo de inscri\u00e7\u00f5es para a Educa\u00e7\u00e3o Infantil, que deveria ser encerrado no dia 14, ser\u00e1 prorrogado at\u00e9 o dia 15, \u00e0s 23h. A prorroga\u00e7\u00e3o do prazo ocorrer\u00e1 porque houve atraso na abertura das inscri\u00e7\u00f5es, que ser\u00e1 compensado agora. &nbsp; SMEd<\/p>\n","protected":false},"author":7,"featured_media":0,"comment_status":"closed","ping_status":"closed","sticky":false,"template":"","format":"standard","meta":{"footnotes":""},"categories":[29,13],"tags":[],"class_list":["post-24136","post","type-post","status-publish","format-standard","hentry","category-avisos","category-pedagogico"],"_links":{"self":[{"href":"https:\/\/www.riogrande.rs.gov.br\/smed\/index.php?rest_route=\/wp\/v2\/posts\/24136"}],"collection":[{"href":"https:\/\/www.riogrande.rs.gov.br\/smed\/index.php?rest_route=\/wp\/v2\/posts"}],"about":[{"href":"https:\/\/www.riogrande.rs.gov.br\/smed\/index.php?rest_route=\/wp\/v2\/types\/post"}],"author":[{"embeddable":true,"href":"https:\/\/www.riogrande.rs.gov.br\/smed\/index.php?rest_route=\/wp\/v2\/users\/7"}],"replies":[{"embeddable":true,"href":"https:\/\/www.riogrande.rs.gov.br\/smed\/index.php?rest_route=%2Fwp%2Fv2%2Fcomments&post=24136"}],"version-history":[{"count":5,"href":"https:\/\/www.riogrande.rs.gov.br\/smed\/index.php?rest_route=\/wp\/v2\/posts\/24136\/revisions"}],"predecessor-version":[{"id":24143,"href":"https:\/\/www.riogrande.rs.gov.br\/smed\/index.php?rest_route=\/wp\/v2\/posts\/24136\/revisions\/24143"}],"wp:attachment":[{"href":"https:\/\/www.riogrande.rs.gov.br\/smed\/index.php?rest_route=%2Fwp%2Fv2%2Fmedia&parent=24136"}],"wp:term":[{"taxonomy":"category","embeddable":true,"href":"https:\/\/www.riogrande.rs.gov.br\/smed\/index.php?rest_route=%2Fwp%2Fv2%2Fcategories&post=24136"},{"taxonomy":"post_tag","embeddable":true,"href":"https:\/\/www.riogrande.rs.gov.br\/smed\/index.php?rest_route=%2Fwp%2Fv2%2Ftags&post=24136"}],"curies":[{"name":"wp","href":"https:\/\/api.w.org\/{rel}","templated":true}]}}