{"id":24131,"date":"2017-11-13T14:07:36","date_gmt":"2017-11-13T16:07:36","guid":{"rendered":"http:\/\/www.riogrande.rs.gov.br\/smed\/?p=24131"},"modified":"2017-11-13T14:08:07","modified_gmt":"2017-11-13T16:08:07","slug":"abertura-oficial-do-novembro-negro-acontece-nesta-terca-feira-14","status":"publish","type":"post","link":"https:\/\/www.riogrande.rs.gov.br\/smed\/?p=24131","title":{"rendered":"ABERTURA OFICIAL DO NOVEMBRO NEGRO ACONTECE NESTA TER\u00c7A-FEIRA (14)"},"content":{"rendered":"<div id=\"attachment_24132\" style=\"width: 495px\" class=\"wp-caption aligncenter\"><a href=\"http:\/\/www.riogrande.rs.gov.br\/smed\/wp-content\/uploads\/2017\/11\/20171113-pmrg1.jpg\" rel=\"lightbox[24131]\"><img loading=\"lazy\" decoding=\"async\" aria-describedby=\"caption-attachment-24132\" class=\"size-medium wp-image-24132\" src=\"http:\/\/www.riogrande.rs.gov.br\/smed\/wp-content\/uploads\/2017\/11\/20171113-pmrg1-485x243.jpg\" alt=\"\" width=\"485\" height=\"243\" srcset=\"https:\/\/www.riogrande.rs.gov.br\/smed\/wp-content\/uploads\/2017\/11\/20171113-pmrg1-485x243.jpg 485w, https:\/\/www.riogrande.rs.gov.br\/smed\/wp-content\/uploads\/2017\/11\/20171113-pmrg1-414x207.jpg 414w, https:\/\/www.riogrande.rs.gov.br\/smed\/wp-content\/uploads\/2017\/11\/20171113-pmrg1.jpg 700w\" sizes=\"(max-width: 485px) 100vw, 485px\" \/><\/a><p id=\"caption-attachment-24132\" class=\"wp-caption-text\">Divulga\u00e7\u00e3o<\/p><\/div>\n<p style=\"text-align: justify;\">Fonte: <a href=\"http:\/\/www.riogrande.rs.gov.br\/pagina\/index.php\/noticias\/detalhes+152677f,,abertura-oficial-do-novembro-negro-acontece-nesta-terca-feira-14.html#.WgnCMK0lHGJ\" target=\"_blank\" rel=\"noopener\"><strong>www.riogrande.rs.gov.br<\/strong><\/a><\/p>\n<p style=\"text-align: justify;\">A abertura oficial do \u201cNovembro Negro\u201d da Administra\u00e7\u00e3o Municipal acontece amanh\u00e3 (14), \u00e0s 19h30, no Sal\u00e3o Nobre da Prefeitura. A cerim\u00f4nia aconteceria na \u00faltima sexta (10), mas em virtude da paraliza\u00e7\u00e3o nacional prevista para o mesmo dia, a organiza\u00e7\u00e3o decidiu transferir a data da a\u00e7\u00e3o.<\/p>\n<p><!--more--><\/p>\n<p>&nbsp;<\/p>\n<p style=\"text-align: justify;\">Este ano o calend\u00e1rio de atividades do \u201cNovembro Negro\u201d est\u00e1 sendo realizado numa a\u00e7\u00e3o intersecretarias, envolvendo as Secretarias de Educa\u00e7\u00e3o (SMEd), da Cultura (SeCult), do Turismo (SMTel), da Sa\u00fade (SMS), de Cidadania e Assist\u00eancia Social (SMCAs), de Servi\u00e7os Urbanos (SMCSU) e Desenvolvimento Prim\u00e1rio (SMDP).<\/p>\n<p style=\"text-align: justify;\">\u201cA precursora da realiza\u00e7\u00e3o do Novembro Negro em Rio Grande foi a dire\u00e7\u00e3o da Escola Viva, atrav\u00e9s da diretora da institui\u00e7\u00e3o Maria de Lourdes Scouto e do professor Marcelo Studinski, em 2014. A partir daquele ano a programa\u00e7\u00e3o vem tomando cada vez mais forma e envolvendo novos parceiros\u201d, explicou a assessora pedag\u00f3gicas das Rela\u00e7\u00f5es \u00c9tnico Raciais da SMEd, Ingrid Oliveira Santos Costa, que \u00e9 tamb\u00e9m membro do COMDESCON.<\/p>\n<p style=\"text-align: justify;\">Na programa\u00e7\u00e3o desta edi\u00e7\u00e3o est\u00e3o inclusas atividades como o Quitanda Cultural com a tem\u00e1tica afro, a realiza\u00e7\u00e3o do \u201cPra\u00e7a Negra\u201d, com oficinas turbante, consumo de plantas medicinais, rodas de conversa e shows musicais, no dia 20 de novembro.<\/p>\n<p style=\"text-align: justify;\">Os tr\u00eas eixos trabalhados este ano pelo Novembro Negro ser\u00e3o: relatos de experi\u00eancias, consci\u00eancia negra na comunidade escolar; pol\u00edticas p\u00fablicas, a caminho da igualdade racial e combate ao racismo, visibilidades \u00e0s lutas de ra\u00e7a, g\u00eanero e classe.<\/p>\n<p style=\"text-align: justify;\">Durante o evento haver\u00e1 o lan\u00e7amento de um livro sobre a escrita feminina negra, intitulado \u201cPerspectivas Femininas Afro-Brasileiras\u201d, al\u00e9m da exposi\u00e7\u00e3o de trabalhos nas escolas da Rede Municipal de Ensino.<\/p>\n<p style=\"text-align: justify;\">\u201cBuscamos com essa programa\u00e7\u00e3o, acima de tudo, promover o trabalho dos rio-grandinos e rio-grandinas negros e aqueles que trabalham com a tem\u00e1tica afro, na busca do fortalecimento do combate ao racismo\u201d, pontuou Ingrid.<\/p>\n<p style=\"text-align: justify;\">Apoiam o Novembro Negro deste ano: FURG, PROEXC\/NEAB, 18\u00aa Coordenadoria Regional de Educa\u00e7\u00e3o, IFRS, COMDESCON, Quitanda Cultural, ONG \u00c1guas Do Sul (Projeto Boneca Africana Rana), Anhanguera e ARUTEMA.<\/p>\n<p style=\"text-align: justify;\"><a href=\"http:\/\/www.riogrande.rs.gov.br\/pagina\/arquivos\/noticia_arquivo\/folder_novembro_negro.pdf\" target=\"_blank\" rel=\"noopener\"><strong>Confira a programa\u00e7\u00e3o em anexo.<\/strong><\/a><\/p>\n<p style=\"text-align: right;\"><em>Assessoria de Comunica\u00e7\u00e3o\/PMRG<\/em><\/p>\n","protected":false},"excerpt":{"rendered":"<p>Fonte: www.riogrande.rs.gov.br A abertura oficial do \u201cNovembro Negro\u201d da Administra\u00e7\u00e3o Municipal acontece amanh\u00e3 (14), \u00e0s 19h30, no Sal\u00e3o Nobre da Prefeitura. A cerim\u00f4nia aconteceria na \u00faltima sexta (10), mas em virtude da paraliza\u00e7\u00e3o nacional prevista para o mesmo dia, a organiza\u00e7\u00e3o decidiu transferir a data da a\u00e7\u00e3o.<\/p>\n","protected":false},"author":7,"featured_media":0,"comment_status":"closed","ping_status":"closed","sticky":false,"template":"","format":"standard","meta":{"footnotes":""},"categories":[1],"tags":[],"class_list":["post-24131","post","type-post","status-publish","format-standard","hentry","category-noticias"],"_links":{"self":[{"href":"https:\/\/www.riogrande.rs.gov.br\/smed\/index.php?rest_route=\/wp\/v2\/posts\/24131"}],"collection":[{"href":"https:\/\/www.riogrande.rs.gov.br\/smed\/index.php?rest_route=\/wp\/v2\/posts"}],"about":[{"href":"https:\/\/www.riogrande.rs.gov.br\/smed\/index.php?rest_route=\/wp\/v2\/types\/post"}],"author":[{"embeddable":true,"href":"https:\/\/www.riogrande.rs.gov.br\/smed\/index.php?rest_route=\/wp\/v2\/users\/7"}],"replies":[{"embeddable":true,"href":"https:\/\/www.riogrande.rs.gov.br\/smed\/index.php?rest_route=%2Fwp%2Fv2%2Fcomments&post=24131"}],"version-history":[{"count":2,"href":"https:\/\/www.riogrande.rs.gov.br\/smed\/index.php?rest_route=\/wp\/v2\/posts\/24131\/revisions"}],"predecessor-version":[{"id":24134,"href":"https:\/\/www.riogrande.rs.gov.br\/smed\/index.php?rest_route=\/wp\/v2\/posts\/24131\/revisions\/24134"}],"wp:attachment":[{"href":"https:\/\/www.riogrande.rs.gov.br\/smed\/index.php?rest_route=%2Fwp%2Fv2%2Fmedia&parent=24131"}],"wp:term":[{"taxonomy":"category","embeddable":true,"href":"https:\/\/www.riogrande.rs.gov.br\/smed\/index.php?rest_route=%2Fwp%2Fv2%2Fcategories&post=24131"},{"taxonomy":"post_tag","embeddable":true,"href":"https:\/\/www.riogrande.rs.gov.br\/smed\/index.php?rest_route=%2Fwp%2Fv2%2Ftags&post=24131"}],"curies":[{"name":"wp","href":"https:\/\/api.w.org\/{rel}","templated":true}]}}