{"id":24123,"date":"2017-11-13T13:14:30","date_gmt":"2017-11-13T15:14:30","guid":{"rendered":"http:\/\/www.riogrande.rs.gov.br\/smed\/?p=24123"},"modified":"2017-11-13T13:14:30","modified_gmt":"2017-11-13T15:14:30","slug":"emef-admar-correa-realizara-mostra-de-trabalhos-do-projeto-cultivando-e-semeando-valores-preservando-a-vida-no-dia-18","status":"publish","type":"post","link":"https:\/\/www.riogrande.rs.gov.br\/smed\/?p=24123","title":{"rendered":"EMEF Admar Corr\u00eaa realizar\u00e1 \u201cMostra de Trabalhos\u201d do Projeto \u201cCultivando e semeando valores, preservando a vida\u201d, no dia 18"},"content":{"rendered":"<div id=\"attachment_24124\" style=\"width: 495px\" class=\"wp-caption aligncenter\"><a href=\"http:\/\/www.riogrande.rs.gov.br\/smed\/wp-content\/uploads\/2017\/11\/20171113-ped-admar-image1.jpg\" rel=\"lightbox[24123]\"><img loading=\"lazy\" decoding=\"async\" aria-describedby=\"caption-attachment-24124\" class=\"size-medium wp-image-24124\" src=\"http:\/\/www.riogrande.rs.gov.br\/smed\/wp-content\/uploads\/2017\/11\/20171113-ped-admar-image1-485x686.jpg\" alt=\"\" width=\"485\" height=\"686\" srcset=\"https:\/\/www.riogrande.rs.gov.br\/smed\/wp-content\/uploads\/2017\/11\/20171113-ped-admar-image1-485x686.jpg 485w, https:\/\/www.riogrande.rs.gov.br\/smed\/wp-content\/uploads\/2017\/11\/20171113-ped-admar-image1-768x1086.jpg 768w, https:\/\/www.riogrande.rs.gov.br\/smed\/wp-content\/uploads\/2017\/11\/20171113-ped-admar-image1-146x207.jpg 146w, https:\/\/www.riogrande.rs.gov.br\/smed\/wp-content\/uploads\/2017\/11\/20171113-ped-admar-image1.jpg 800w\" sizes=\"(max-width: 485px) 100vw, 485px\" \/><\/a><p id=\"caption-attachment-24124\" class=\"wp-caption-text\">Divulga\u00e7\u00e3o<\/p><\/div>\n<p style=\"text-align: justify;\">A Escola Municipal de Ensino Fundamental <b>Admar Corr\u00eaa<\/b>, que est\u00e1 localizada no bairro Santa Tereza, durante o ano letivo, desenvolveu o Projeto \u201c<b>Cultivando e semeando valores, preservando a vida<\/b>\u201d, com os alunos do 1\u00ba ao 9\u00ba ano do Ensino Fundamental. No dia <b>18 de novembro<\/b>, a Escola ir\u00e1 confraternizar com a comunidade escolar essa tem\u00e1tica e compartilhar os trabalhos desenvolvidos.<\/p>\n<p>&nbsp;<\/p>\n<p style=\"text-align: right;\"><em>SMEd<\/em><br \/>\n<em> Roberton Reis<\/em><br \/>\n<em> Com informa\u00e7\u00f5es da EMEF Admar Corr\u00eaa<\/em><\/p>\n","protected":false},"excerpt":{"rendered":"<p>A Escola Municipal de Ensino Fundamental Admar Corr\u00eaa, que est\u00e1 localizada no bairro Santa Tereza, durante o ano letivo, desenvolveu o Projeto \u201cCultivando e semeando valores, preservando a vida\u201d, com os alunos do 1\u00ba ao 9\u00ba ano do Ensino Fundamental. No dia 18 de novembro, a Escola ir\u00e1 confraternizar com a comunidade escolar essa tem\u00e1tica [&hellip;]<\/p>\n","protected":false},"author":7,"featured_media":0,"comment_status":"closed","ping_status":"closed","sticky":false,"template":"","format":"standard","meta":{"footnotes":""},"categories":[1,13],"tags":[],"class_list":["post-24123","post","type-post","status-publish","format-standard","hentry","category-noticias","category-pedagogico"],"_links":{"self":[{"href":"https:\/\/www.riogrande.rs.gov.br\/smed\/index.php?rest_route=\/wp\/v2\/posts\/24123"}],"collection":[{"href":"https:\/\/www.riogrande.rs.gov.br\/smed\/index.php?rest_route=\/wp\/v2\/posts"}],"about":[{"href":"https:\/\/www.riogrande.rs.gov.br\/smed\/index.php?rest_route=\/wp\/v2\/types\/post"}],"author":[{"embeddable":true,"href":"https:\/\/www.riogrande.rs.gov.br\/smed\/index.php?rest_route=\/wp\/v2\/users\/7"}],"replies":[{"embeddable":true,"href":"https:\/\/www.riogrande.rs.gov.br\/smed\/index.php?rest_route=%2Fwp%2Fv2%2Fcomments&post=24123"}],"version-history":[{"count":1,"href":"https:\/\/www.riogrande.rs.gov.br\/smed\/index.php?rest_route=\/wp\/v2\/posts\/24123\/revisions"}],"predecessor-version":[{"id":24125,"href":"https:\/\/www.riogrande.rs.gov.br\/smed\/index.php?rest_route=\/wp\/v2\/posts\/24123\/revisions\/24125"}],"wp:attachment":[{"href":"https:\/\/www.riogrande.rs.gov.br\/smed\/index.php?rest_route=%2Fwp%2Fv2%2Fmedia&parent=24123"}],"wp:term":[{"taxonomy":"category","embeddable":true,"href":"https:\/\/www.riogrande.rs.gov.br\/smed\/index.php?rest_route=%2Fwp%2Fv2%2Fcategories&post=24123"},{"taxonomy":"post_tag","embeddable":true,"href":"https:\/\/www.riogrande.rs.gov.br\/smed\/index.php?rest_route=%2Fwp%2Fv2%2Ftags&post=24123"}],"curies":[{"name":"wp","href":"https:\/\/api.w.org\/{rel}","templated":true}]}}