{"id":24120,"date":"2017-11-10T14:04:51","date_gmt":"2017-11-10T16:04:51","guid":{"rendered":"http:\/\/www.riogrande.rs.gov.br\/smed\/?p=24120"},"modified":"2017-11-10T14:04:51","modified_gmt":"2017-11-10T16:04:51","slug":"novembro-negro-quitanda-cultural-acontece-neste-sabado-11-na-praca-xavier-ferreira","status":"publish","type":"post","link":"https:\/\/www.riogrande.rs.gov.br\/smed\/?p=24120","title":{"rendered":"NOVEMBRO NEGRO: QUITANDA CULTURAL ACONTECE NESTE S\u00c1BADO (11) NA PRA\u00c7A XAVIER FERREIRA"},"content":{"rendered":"<div id=\"attachment_24121\" style=\"width: 495px\" class=\"wp-caption aligncenter\"><a href=\"http:\/\/www.riogrande.rs.gov.br\/smed\/wp-content\/uploads\/2017\/11\/20171110-pmrg1.jpg\" rel=\"lightbox[24120]\"><img loading=\"lazy\" decoding=\"async\" aria-describedby=\"caption-attachment-24121\" class=\"size-medium wp-image-24121\" src=\"http:\/\/www.riogrande.rs.gov.br\/smed\/wp-content\/uploads\/2017\/11\/20171110-pmrg1-485x323.jpg\" alt=\"\" width=\"485\" height=\"323\" srcset=\"https:\/\/www.riogrande.rs.gov.br\/smed\/wp-content\/uploads\/2017\/11\/20171110-pmrg1-485x323.jpg 485w, https:\/\/www.riogrande.rs.gov.br\/smed\/wp-content\/uploads\/2017\/11\/20171110-pmrg1-311x207.jpg 311w, https:\/\/www.riogrande.rs.gov.br\/smed\/wp-content\/uploads\/2017\/11\/20171110-pmrg1.jpg 700w\" sizes=\"(max-width: 485px) 100vw, 485px\" \/><\/a><p id=\"caption-attachment-24121\" class=\"wp-caption-text\">Cr\u00e9dito: Divulga\u00e7\u00e3o\/SeCult<\/p><\/div>\n<p style=\"text-align: justify;\">Fonte: <a href=\"http:\/\/www.riogrande.rs.gov.br\/pagina\/index.php\/noticias\/detalhes+15246df,,novembro-negro-quitanda-cultural-acontece-neste-sabado-11-na-praca-xavier-ferreira.html#.WgXMS60lHGJ\" target=\"_blank\" rel=\"noopener\"><strong>www.riogrande.rs.gov.br<\/strong><\/a><\/p>\n<p style=\"text-align: justify;\">A Prefeitura Municipal, atrav\u00e9s da Secretaria da Cultura (SeCult), realizar\u00e1 neste s\u00e1bado (11) mais uma edi\u00e7\u00e3o do projeto Quitanda Cultural, das 10h \u00e0s 17h, na Pra\u00e7a Xavier Ferreira. A a\u00e7\u00e3o integra a programa\u00e7\u00e3o do Novembro Negro, uma iniciativa intersecretarias envolvendo as Secretarias de Educa\u00e7\u00e3o (SMEd), da Cultura (SeCult), do Turismo (SMTEL), da Sa\u00fade (SMS), de Cidadania e Assist\u00eancia Social (SMCAS), de Servi\u00e7os Urbanos (SMCSU) e Desenvolvimento Prim\u00e1rio (SMDP), articulada com diversos segmentos e entidades pela defesa dos direitos da popula\u00e7\u00e3o negra e das comunidades tradicionais.<\/p>\n<p><!--more--><\/p>\n<p>&nbsp;<\/p>\n<p style=\"text-align: justify;\">A feira de artesanato e economia solid\u00e1ria tem o objetivo de criar um espa\u00e7o de arte, cultura, integra\u00e7\u00e3o e gera\u00e7\u00e3o de renda, atrav\u00e9s de artesanatos, sebos, antiguidades e brech\u00f3s. O projeto tamb\u00e9m conta com espa\u00e7os de gastronomia e comercializa\u00e7\u00e3o de produtos org\u00e2nicos, que nesta edi\u00e7\u00e3o ser\u00e3o voltados para cultura negra.<\/p>\n<p style=\"text-align: justify;\">Na ocasi\u00e3o, est\u00e3o previstas a participa\u00e7\u00e3o do Projeto Africana Boneca Rana, apresenta\u00e7\u00f5es culturais de capoeira com o Grupo de Capoeira Marau\u00ea e lan\u00e7amento do livro \u201c<a href=\"http:\/\/www.riogrande.rs.gov.br\/pagina\/index.php\/noticias\/detalhes+15231ea,,livro-perspectivas-femininas-afro-brasileiras-em-cadernos-negros-sera-lancado-na-quitanda-cultural.html#.WgWpbWiPLIU\" target=\"_blank\" rel=\"noopener\"><strong>Perspectivas Femininas: Afro-brasileiras em Cadernos Negros (Contos)<\/strong><\/a>\u201d, de Rodrigo da Rosa Pereira, \u00e0s 10h, e a realiza\u00e7\u00e3o de uma oficina de dan\u00e7as circulares, de tran\u00e7as e bonecas, \u00e0s 16h, nas imedia\u00e7\u00f5es do chafariz da Pra\u00e7a Xavier Ferreira. Outra atra\u00e7\u00e3o de destaque ser\u00e1 a Banda Gioacchino Rossini, tradicional banda musical do Munic\u00edpio com mais de 100 anos de funda\u00e7\u00e3o, que ir\u00e3 realizar a sua apresenta\u00e7\u00e3o \u00e0s 15h.<\/p>\n<p style=\"text-align: justify;\">A Quitanda Cultural acontece nos dois primeiros s\u00e1bados de cada m\u00eas, na Pra\u00e7a Xavier Ferreira. Em caso de mau tempo, as edi\u00e7\u00f5es podem ser transferidas.<\/p>\n<p style=\"text-align: right;\"><em>Com informa\u00e7\u00f5es da SeCult<\/em><br \/>\n<em> Assessoria de Comunica\u00e7\u00e3o\/PMRG<\/em><\/p>\n","protected":false},"excerpt":{"rendered":"<p>Fonte: www.riogrande.rs.gov.br A Prefeitura Municipal, atrav\u00e9s da Secretaria da Cultura (SeCult), realizar\u00e1 neste s\u00e1bado (11) mais uma edi\u00e7\u00e3o do projeto Quitanda Cultural, das 10h \u00e0s 17h, na Pra\u00e7a Xavier Ferreira. A a\u00e7\u00e3o integra a programa\u00e7\u00e3o do Novembro Negro, uma iniciativa intersecretarias envolvendo as Secretarias de Educa\u00e7\u00e3o (SMEd), da Cultura (SeCult), do Turismo (SMTEL), da Sa\u00fade [&hellip;]<\/p>\n","protected":false},"author":7,"featured_media":0,"comment_status":"closed","ping_status":"closed","sticky":false,"template":"","format":"standard","meta":{"footnotes":""},"categories":[1],"tags":[],"class_list":["post-24120","post","type-post","status-publish","format-standard","hentry","category-noticias"],"_links":{"self":[{"href":"https:\/\/www.riogrande.rs.gov.br\/smed\/index.php?rest_route=\/wp\/v2\/posts\/24120"}],"collection":[{"href":"https:\/\/www.riogrande.rs.gov.br\/smed\/index.php?rest_route=\/wp\/v2\/posts"}],"about":[{"href":"https:\/\/www.riogrande.rs.gov.br\/smed\/index.php?rest_route=\/wp\/v2\/types\/post"}],"author":[{"embeddable":true,"href":"https:\/\/www.riogrande.rs.gov.br\/smed\/index.php?rest_route=\/wp\/v2\/users\/7"}],"replies":[{"embeddable":true,"href":"https:\/\/www.riogrande.rs.gov.br\/smed\/index.php?rest_route=%2Fwp%2Fv2%2Fcomments&post=24120"}],"version-history":[{"count":1,"href":"https:\/\/www.riogrande.rs.gov.br\/smed\/index.php?rest_route=\/wp\/v2\/posts\/24120\/revisions"}],"predecessor-version":[{"id":24122,"href":"https:\/\/www.riogrande.rs.gov.br\/smed\/index.php?rest_route=\/wp\/v2\/posts\/24120\/revisions\/24122"}],"wp:attachment":[{"href":"https:\/\/www.riogrande.rs.gov.br\/smed\/index.php?rest_route=%2Fwp%2Fv2%2Fmedia&parent=24120"}],"wp:term":[{"taxonomy":"category","embeddable":true,"href":"https:\/\/www.riogrande.rs.gov.br\/smed\/index.php?rest_route=%2Fwp%2Fv2%2Fcategories&post=24120"},{"taxonomy":"post_tag","embeddable":true,"href":"https:\/\/www.riogrande.rs.gov.br\/smed\/index.php?rest_route=%2Fwp%2Fv2%2Ftags&post=24120"}],"curies":[{"name":"wp","href":"https:\/\/api.w.org\/{rel}","templated":true}]}}