{"id":24105,"date":"2017-11-10T13:34:00","date_gmt":"2017-11-10T15:34:00","guid":{"rendered":"http:\/\/www.riogrande.rs.gov.br\/smed\/?p=24105"},"modified":"2017-11-10T13:34:00","modified_gmt":"2017-11-10T15:34:00","slug":"abertura-da-exposicao-rio-grande-280-anos-a-gente-vive-uma-grande-historia-encanta-os-visitantes","status":"publish","type":"post","link":"https:\/\/www.riogrande.rs.gov.br\/smed\/?p=24105","title":{"rendered":"Abertura da Exposi\u00e7\u00e3o \u201cRio Grande 280 anos: A Gente Vive uma Grande Hist\u00f3ria\u201d encanta os visitantes"},"content":{"rendered":"\n\t\t<style type=\"text\/css\">\n\t\t\t#gallery-1 {\n\t\t\t\tmargin: auto;\n\t\t\t}\n\t\t\t#gallery-1 .gallery-item {\n\t\t\t\tfloat: left;\n\t\t\t\tmargin-top: 10px;\n\t\t\t\ttext-align: center;\n\t\t\t\twidth: 33%;\n\t\t\t}\n\t\t\t#gallery-1 img {\n\t\t\t\tborder: 2px solid #cfcfcf;\n\t\t\t}\n\t\t\t#gallery-1 .gallery-caption {\n\t\t\t\tmargin-left: 0;\n\t\t\t}\n\t\t\t\/* see gallery_shortcode() in wp-includes\/media.php *\/\n\t\t<\/style>\n\t\t<div id='gallery-1' class='gallery galleryid-24105 gallery-columns-3 gallery-size-thumbnail'><dl class='gallery-item'>\n\t\t\t<dt class='gallery-icon landscape'>\n\t\t\t\t<a href='https:\/\/www.riogrande.rs.gov.br\/smed\/wp-content\/uploads\/2017\/11\/20171110-ped-rio_grande-image4.jpg' rel=\"lightbox[24105]\"><img loading=\"lazy\" decoding=\"async\" width=\"150\" height=\"150\" src=\"https:\/\/www.riogrande.rs.gov.br\/smed\/wp-content\/uploads\/2017\/11\/20171110-ped-rio_grande-image4-150x150.jpg\" class=\"attachment-thumbnail size-thumbnail\" alt=\"\" aria-describedby=\"gallery-1-24109\" \/><\/a>\n\t\t\t<\/dt>\n\t\t\t\t<dd class='wp-caption-text gallery-caption' id='gallery-1-24109'>\n\t\t\t\tDivulga\u00e7\u00e3o\n\t\t\t\t<\/dd><\/dl><dl class='gallery-item'>\n\t\t\t<dt class='gallery-icon landscape'>\n\t\t\t\t<a href='https:\/\/www.riogrande.rs.gov.br\/smed\/wp-content\/uploads\/2017\/11\/20171110-ped-rio_grande-image10.jpg' rel=\"lightbox[24105]\"><img loading=\"lazy\" decoding=\"async\" width=\"150\" height=\"150\" src=\"https:\/\/www.riogrande.rs.gov.br\/smed\/wp-content\/uploads\/2017\/11\/20171110-ped-rio_grande-image10-150x150.jpg\" class=\"attachment-thumbnail size-thumbnail\" alt=\"\" aria-describedby=\"gallery-1-24115\" \/><\/a>\n\t\t\t<\/dt>\n\t\t\t\t<dd class='wp-caption-text gallery-caption' id='gallery-1-24115'>\n\t\t\t\tDivulga\u00e7\u00e3o\n\t\t\t\t<\/dd><\/dl><dl class='gallery-item'>\n\t\t\t<dt class='gallery-icon landscape'>\n\t\t\t\t<a href='https:\/\/www.riogrande.rs.gov.br\/smed\/wp-content\/uploads\/2017\/11\/20171110-ped-rio_grande-image5.jpg' rel=\"lightbox[24105]\"><img loading=\"lazy\" decoding=\"async\" width=\"150\" height=\"150\" src=\"https:\/\/www.riogrande.rs.gov.br\/smed\/wp-content\/uploads\/2017\/11\/20171110-ped-rio_grande-image5-150x150.jpg\" class=\"attachment-thumbnail size-thumbnail\" alt=\"\" aria-describedby=\"gallery-1-24110\" \/><\/a>\n\t\t\t<\/dt>\n\t\t\t\t<dd class='wp-caption-text gallery-caption' id='gallery-1-24110'>\n\t\t\t\tDivulga\u00e7\u00e3o\n\t\t\t\t<\/dd><\/dl><br style=\"clear: both\" \/><dl class='gallery-item'>\n\t\t\t<dt class='gallery-icon landscape'>\n\t\t\t\t<a href='https:\/\/www.riogrande.rs.gov.br\/smed\/wp-content\/uploads\/2017\/11\/20171110-ped-rio_grande-image1.jpg' rel=\"lightbox[24105]\"><img loading=\"lazy\" decoding=\"async\" width=\"150\" height=\"150\" src=\"https:\/\/www.riogrande.rs.gov.br\/smed\/wp-content\/uploads\/2017\/11\/20171110-ped-rio_grande-image1-150x150.jpg\" class=\"attachment-thumbnail size-thumbnail\" alt=\"\" aria-describedby=\"gallery-1-24106\" \/><\/a>\n\t\t\t<\/dt>\n\t\t\t\t<dd class='wp-caption-text gallery-caption' id='gallery-1-24106'>\n\t\t\t\tDivulga\u00e7\u00e3o\n\t\t\t\t<\/dd><\/dl><dl class='gallery-item'>\n\t\t\t<dt class='gallery-icon landscape'>\n\t\t\t\t<a href='https:\/\/www.riogrande.rs.gov.br\/smed\/wp-content\/uploads\/2017\/11\/20171110-ped-rio_grande-image2.jpg' rel=\"lightbox[24105]\"><img loading=\"lazy\" decoding=\"async\" width=\"150\" height=\"150\" src=\"https:\/\/www.riogrande.rs.gov.br\/smed\/wp-content\/uploads\/2017\/11\/20171110-ped-rio_grande-image2-150x150.jpg\" class=\"attachment-thumbnail size-thumbnail\" alt=\"\" aria-describedby=\"gallery-1-24107\" \/><\/a>\n\t\t\t<\/dt>\n\t\t\t\t<dd class='wp-caption-text gallery-caption' id='gallery-1-24107'>\n\t\t\t\tDivulga\u00e7\u00e3o\n\t\t\t\t<\/dd><\/dl><dl class='gallery-item'>\n\t\t\t<dt class='gallery-icon landscape'>\n\t\t\t\t<a href='https:\/\/www.riogrande.rs.gov.br\/smed\/wp-content\/uploads\/2017\/11\/20171110-ped-rio_grande-image3.jpg' rel=\"lightbox[24105]\"><img loading=\"lazy\" decoding=\"async\" width=\"150\" height=\"150\" src=\"https:\/\/www.riogrande.rs.gov.br\/smed\/wp-content\/uploads\/2017\/11\/20171110-ped-rio_grande-image3-150x150.jpg\" class=\"attachment-thumbnail size-thumbnail\" alt=\"\" aria-describedby=\"gallery-1-24108\" \/><\/a>\n\t\t\t<\/dt>\n\t\t\t\t<dd class='wp-caption-text gallery-caption' id='gallery-1-24108'>\n\t\t\t\tDivulga\u00e7\u00e3o\n\t\t\t\t<\/dd><\/dl><br style=\"clear: both\" \/><dl class='gallery-item'>\n\t\t\t<dt class='gallery-icon landscape'>\n\t\t\t\t<a href='https:\/\/www.riogrande.rs.gov.br\/smed\/wp-content\/uploads\/2017\/11\/20171110-ped-rio_grande-image6.jpg' rel=\"lightbox[24105]\"><img loading=\"lazy\" decoding=\"async\" width=\"150\" height=\"150\" src=\"https:\/\/www.riogrande.rs.gov.br\/smed\/wp-content\/uploads\/2017\/11\/20171110-ped-rio_grande-image6-150x150.jpg\" class=\"attachment-thumbnail size-thumbnail\" alt=\"\" aria-describedby=\"gallery-1-24111\" \/><\/a>\n\t\t\t<\/dt>\n\t\t\t\t<dd class='wp-caption-text gallery-caption' id='gallery-1-24111'>\n\t\t\t\tDivulga\u00e7\u00e3o\n\t\t\t\t<\/dd><\/dl><dl class='gallery-item'>\n\t\t\t<dt class='gallery-icon landscape'>\n\t\t\t\t<a href='https:\/\/www.riogrande.rs.gov.br\/smed\/wp-content\/uploads\/2017\/11\/20171110-ped-rio_grande-image7.jpg' rel=\"lightbox[24105]\"><img loading=\"lazy\" decoding=\"async\" width=\"150\" height=\"150\" src=\"https:\/\/www.riogrande.rs.gov.br\/smed\/wp-content\/uploads\/2017\/11\/20171110-ped-rio_grande-image7-150x150.jpg\" class=\"attachment-thumbnail size-thumbnail\" alt=\"\" aria-describedby=\"gallery-1-24112\" \/><\/a>\n\t\t\t<\/dt>\n\t\t\t\t<dd class='wp-caption-text gallery-caption' id='gallery-1-24112'>\n\t\t\t\tDivulga\u00e7\u00e3o\n\t\t\t\t<\/dd><\/dl><dl class='gallery-item'>\n\t\t\t<dt class='gallery-icon landscape'>\n\t\t\t\t<a href='https:\/\/www.riogrande.rs.gov.br\/smed\/wp-content\/uploads\/2017\/11\/20171110-ped-rio_grande-image8.jpg' rel=\"lightbox[24105]\"><img loading=\"lazy\" decoding=\"async\" width=\"150\" height=\"150\" src=\"https:\/\/www.riogrande.rs.gov.br\/smed\/wp-content\/uploads\/2017\/11\/20171110-ped-rio_grande-image8-150x150.jpg\" class=\"attachment-thumbnail size-thumbnail\" alt=\"\" aria-describedby=\"gallery-1-24113\" \/><\/a>\n\t\t\t<\/dt>\n\t\t\t\t<dd class='wp-caption-text gallery-caption' id='gallery-1-24113'>\n\t\t\t\tDivulga\u00e7\u00e3o\n\t\t\t\t<\/dd><\/dl><br style=\"clear: both\" \/><dl class='gallery-item'>\n\t\t\t<dt class='gallery-icon portrait'>\n\t\t\t\t<a href='https:\/\/www.riogrande.rs.gov.br\/smed\/wp-content\/uploads\/2017\/11\/20171110-ped-rio_grande-image9.jpg' rel=\"lightbox[24105]\"><img loading=\"lazy\" decoding=\"async\" width=\"150\" height=\"150\" src=\"https:\/\/www.riogrande.rs.gov.br\/smed\/wp-content\/uploads\/2017\/11\/20171110-ped-rio_grande-image9-150x150.jpg\" class=\"attachment-thumbnail size-thumbnail\" alt=\"\" aria-describedby=\"gallery-1-24114\" \/><\/a>\n\t\t\t<\/dt>\n\t\t\t\t<dd class='wp-caption-text gallery-caption' id='gallery-1-24114'>\n\t\t\t\tDivulga\u00e7\u00e3o\n\t\t\t\t<\/dd><\/dl><dl class='gallery-item'>\n\t\t\t<dt class='gallery-icon landscape'>\n\t\t\t\t<a href='https:\/\/www.riogrande.rs.gov.br\/smed\/wp-content\/uploads\/2017\/11\/20171110-ped-rio_grande-image11.jpg' rel=\"lightbox[24105]\"><img loading=\"lazy\" decoding=\"async\" width=\"150\" height=\"150\" src=\"https:\/\/www.riogrande.rs.gov.br\/smed\/wp-content\/uploads\/2017\/11\/20171110-ped-rio_grande-image11-150x150.jpg\" class=\"attachment-thumbnail size-thumbnail\" alt=\"\" aria-describedby=\"gallery-1-24116\" \/><\/a>\n\t\t\t<\/dt>\n\t\t\t\t<dd class='wp-caption-text gallery-caption' id='gallery-1-24116'>\n\t\t\t\tDivulga\u00e7\u00e3o\n\t\t\t\t<\/dd><\/dl><dl class='gallery-item'>\n\t\t\t<dt class='gallery-icon landscape'>\n\t\t\t\t<a href='https:\/\/www.riogrande.rs.gov.br\/smed\/wp-content\/uploads\/2017\/11\/20171110-ped-rio_grande-image12.jpg' rel=\"lightbox[24105]\"><img loading=\"lazy\" decoding=\"async\" width=\"150\" height=\"150\" src=\"https:\/\/www.riogrande.rs.gov.br\/smed\/wp-content\/uploads\/2017\/11\/20171110-ped-rio_grande-image12-150x150.jpg\" class=\"attachment-thumbnail size-thumbnail\" alt=\"\" aria-describedby=\"gallery-1-24117\" \/><\/a>\n\t\t\t<\/dt>\n\t\t\t\t<dd class='wp-caption-text gallery-caption' id='gallery-1-24117'>\n\t\t\t\tDivulga\u00e7\u00e3o\n\t\t\t\t<\/dd><\/dl><br style=\"clear: both\" \/>\n\t\t<\/div>\n\n<p style=\"text-align: justify;\">O Executivo Municipal, atrav\u00e9s da Secretaria de Munic\u00edpio da Educa\u00e7\u00e3o (SMEd), realizou, no dia <b>1\u00ba de outubro<\/b>, na Sala Multiuso, no pr\u00e9dio da Prefeitura Municipal, a Abertura da Exposi\u00e7\u00e3o<b> \u201cRio Grande &#8211; 280 anos\u201d<\/b>, com o tema<b> \u201cA Gente Vive uma Grande Hist\u00f3ria\u201d<\/b><\/p>\n<p style=\"text-align: justify;\"><!--more--><\/p>\n<p style=\"text-align: justify;\">\n<p style=\"text-align: justify;\">A Exposi\u00e7\u00e3o faz parte do projeto \u201c<b>Rio Grande 280 anos: A Gente Vive uma Grande Hist\u00f3ria<\/b>\u201d, que consistiu em incentivar os Arte-Educadores e professores de Educa\u00e7\u00e3o F\u00edsica da rede p\u00fablica municipal de ensino, desde o in\u00edcio do ano letivo, a trabalharem a tem\u00e1tica dentro na sala de aula.<\/p>\n<p style=\"text-align: justify;\">O Projeto, junto aos Arte-Educadores, teve como objetivo fomentar nos estudantes o sentimento de pertencimento, identidade e preserva\u00e7\u00e3o do patrim\u00f4nio art\u00edstico \u00a0e cultural local, entendendo que a escola \u00e9 um espa\u00e7o dial\u00f3gico, aberto \u00e0 discuss\u00e3o e reflex\u00e3o da realidade.<\/p>\n<p style=\"text-align: justify;\">\u201c<b>Dentro desse contexto, despertar o olhar sobre a cidade e perceber a hist\u00f3ria das pessoas que a constru\u00edram e a constroem, foi o caminho utilizado para que os alunos desenvolvessem cria\u00e7\u00f5es expressivas, revelando uma concep\u00e7\u00e3o est\u00e9tica e po\u00e9tica<\/b>\u201d, destacou a assessora de Artes da SMEd, Suzane Barros.<\/p>\n<p style=\"text-align: justify;\">J\u00e1 o Projeto junto aos professores de Educa\u00e7\u00e3o F\u00edsica teve como objetivo motivar nos estudantes o sentimento de resgate das mem\u00f3rias esportivas da comunidade rio-grandina, vivenciadas nestes 280 anos de hist\u00f3ria. Este resgate foi realizado atrav\u00e9s de uma proposta de trabalho voltado \u00e0 valoriza\u00e7\u00e3o dos movimentos esportivos ocorridos durante este per\u00edodo, motivando os educandos a buscar o entendimento de que cada indiv\u00edduo faz parte deste processo como ser ativo, como sujeito desta grande hist\u00f3ria.<\/p>\n<p style=\"text-align: justify;\">\u201c<b>Conhecer a hist\u00f3ria da cidade e seu processo constitutivo \u00e9 possibilitar que estudantes sejam sujeitos ativos desse processo. Portanto, no ano que se comemora os 280 anos da Cidade, apresentamos sua hist\u00f3ria e seu patrim\u00f4nio material e imaterial por meio do olhar de alunos e alunas da rede municipal<\/b>\u201d, afirmou Suzane.<\/p>\n<p style=\"text-align: justify;\">Segundo a assessora de Educa\u00e7\u00e3o F\u00edsica da SMEd, Leontine Santos, \u201c<b>os professores de Educa\u00e7\u00e3o F\u00edsica deram um primeiro passo na dire\u00e7\u00e3o de resgatar as mem\u00f3rias esportivas da cidade, apresentando a hist\u00f3ria dos grandes clubes locais, Sport Club Rio Grande e Sport Clube S\u00e3o Paulo, al\u00e9m do Gr\u00eamio Esportivo Vila Verde, do bairro Santa Tereza. Acredito que nas pr\u00f3ximas edi\u00e7\u00f5es, com certeza teremos um movimento ainda maior, uma vez que ainda temos muito o que resgatar sobre a hist\u00f3ria do Esporte na cidade do Rio Grande<\/b>\u201d.<\/p>\n<p style=\"text-align: justify;\">Para Suzane Barros, \u201d<b>a diversidade de t\u00e9cnicas apresentadas nos trabalhos expostos pelos alunos demonstra a qualidade e o comprometimento das a\u00e7\u00f5es realizadas pelos professores de Artes da rede. Esta primeira edi\u00e7\u00e3o superou as expectativas, pois al\u00e9m de desenhos, colagens, fotografias, gravuras, maquetes e esculturas, os alunos produziram v\u00eddeos que retratam a mem\u00f3ria da Cidade e seu patrim\u00f4nio, sendo um rico trabalho de resgate hist\u00f3rico<\/b>\u201d.<\/p>\n<p>&nbsp;<\/p>\n<p style=\"text-align: right;\"><em>SMEd<\/em><br \/>\n<em> Roberton Reis<\/em><\/p>\n","protected":false},"excerpt":{"rendered":"<p>O Executivo Municipal, atrav\u00e9s da Secretaria de Munic\u00edpio da Educa\u00e7\u00e3o (SMEd), realizou, no dia 1\u00ba de outubro, na Sala Multiuso, no pr\u00e9dio da Prefeitura Municipal, a Abertura da Exposi\u00e7\u00e3o \u201cRio Grande &#8211; 280 anos\u201d, com o tema \u201cA Gente Vive uma Grande Hist\u00f3ria\u201d<\/p>\n","protected":false},"author":7,"featured_media":0,"comment_status":"closed","ping_status":"closed","sticky":false,"template":"","format":"standard","meta":{"footnotes":""},"categories":[45,1,13],"tags":[],"class_list":["post-24105","post","type-post","status-publish","format-standard","hentry","category-280anosriogrande","category-noticias","category-pedagogico"],"_links":{"self":[{"href":"https:\/\/www.riogrande.rs.gov.br\/smed\/index.php?rest_route=\/wp\/v2\/posts\/24105"}],"collection":[{"href":"https:\/\/www.riogrande.rs.gov.br\/smed\/index.php?rest_route=\/wp\/v2\/posts"}],"about":[{"href":"https:\/\/www.riogrande.rs.gov.br\/smed\/index.php?rest_route=\/wp\/v2\/types\/post"}],"author":[{"embeddable":true,"href":"https:\/\/www.riogrande.rs.gov.br\/smed\/index.php?rest_route=\/wp\/v2\/users\/7"}],"replies":[{"embeddable":true,"href":"https:\/\/www.riogrande.rs.gov.br\/smed\/index.php?rest_route=%2Fwp%2Fv2%2Fcomments&post=24105"}],"version-history":[{"count":1,"href":"https:\/\/www.riogrande.rs.gov.br\/smed\/index.php?rest_route=\/wp\/v2\/posts\/24105\/revisions"}],"predecessor-version":[{"id":24118,"href":"https:\/\/www.riogrande.rs.gov.br\/smed\/index.php?rest_route=\/wp\/v2\/posts\/24105\/revisions\/24118"}],"wp:attachment":[{"href":"https:\/\/www.riogrande.rs.gov.br\/smed\/index.php?rest_route=%2Fwp%2Fv2%2Fmedia&parent=24105"}],"wp:term":[{"taxonomy":"category","embeddable":true,"href":"https:\/\/www.riogrande.rs.gov.br\/smed\/index.php?rest_route=%2Fwp%2Fv2%2Fcategories&post=24105"},{"taxonomy":"post_tag","embeddable":true,"href":"https:\/\/www.riogrande.rs.gov.br\/smed\/index.php?rest_route=%2Fwp%2Fv2%2Ftags&post=24105"}],"curies":[{"name":"wp","href":"https:\/\/api.w.org\/{rel}","templated":true}]}}