{"id":23126,"date":"2017-09-14T15:01:05","date_gmt":"2017-09-14T18:01:05","guid":{"rendered":"http:\/\/www.riogrande.rs.gov.br\/smed\/?p=23126"},"modified":"2017-09-14T15:01:05","modified_gmt":"2017-09-14T18:01:05","slug":"4o-festival-de-esporte-educacional-especial-teve-como-tema-os-280-anos-de-rio-grande","status":"publish","type":"post","link":"https:\/\/www.riogrande.rs.gov.br\/smed\/?p=23126","title":{"rendered":"4\u00ba Festival de Esporte Educacional Especial teve como tema os \u201c280 anos de Rio Grande\u201d"},"content":{"rendered":"\n\t\t<style type=\"text\/css\">\n\t\t\t#gallery-1 {\n\t\t\t\tmargin: auto;\n\t\t\t}\n\t\t\t#gallery-1 .gallery-item {\n\t\t\t\tfloat: left;\n\t\t\t\tmargin-top: 10px;\n\t\t\t\ttext-align: center;\n\t\t\t\twidth: 33%;\n\t\t\t}\n\t\t\t#gallery-1 img {\n\t\t\t\tborder: 2px solid #cfcfcf;\n\t\t\t}\n\t\t\t#gallery-1 .gallery-caption {\n\t\t\t\tmargin-left: 0;\n\t\t\t}\n\t\t\t\/* see gallery_shortcode() in wp-includes\/media.php *\/\n\t\t<\/style>\n\t\t<div id='gallery-1' class='gallery galleryid-23126 gallery-columns-3 gallery-size-thumbnail'><dl class='gallery-item'>\n\t\t\t<dt class='gallery-icon landscape'>\n\t\t\t\t<a href='https:\/\/www.riogrande.rs.gov.br\/smed\/wp-content\/uploads\/2017\/09\/20170914-ped-esporte-image1.jpg' rel=\"lightbox[23126]\"><img loading=\"lazy\" decoding=\"async\" width=\"150\" height=\"150\" src=\"https:\/\/www.riogrande.rs.gov.br\/smed\/wp-content\/uploads\/2017\/09\/20170914-ped-esporte-image1-150x150.jpg\" class=\"attachment-thumbnail size-thumbnail\" alt=\"\" aria-describedby=\"gallery-1-23127\" \/><\/a>\n\t\t\t<\/dt>\n\t\t\t\t<dd class='wp-caption-text gallery-caption' id='gallery-1-23127'>\n\t\t\t\tDivulga\u00e7\u00e3o\n\t\t\t\t<\/dd><\/dl><dl class='gallery-item'>\n\t\t\t<dt class='gallery-icon portrait'>\n\t\t\t\t<a href='https:\/\/www.riogrande.rs.gov.br\/smed\/wp-content\/uploads\/2017\/09\/20170914-ped-esporte-image2.jpg' rel=\"lightbox[23126]\"><img loading=\"lazy\" decoding=\"async\" width=\"150\" height=\"150\" src=\"https:\/\/www.riogrande.rs.gov.br\/smed\/wp-content\/uploads\/2017\/09\/20170914-ped-esporte-image2-150x150.jpg\" class=\"attachment-thumbnail size-thumbnail\" alt=\"\" aria-describedby=\"gallery-1-23128\" \/><\/a>\n\t\t\t<\/dt>\n\t\t\t\t<dd class='wp-caption-text gallery-caption' id='gallery-1-23128'>\n\t\t\t\tDivulga\u00e7\u00e3o\n\t\t\t\t<\/dd><\/dl><dl class='gallery-item'>\n\t\t\t<dt class='gallery-icon landscape'>\n\t\t\t\t<a href='https:\/\/www.riogrande.rs.gov.br\/smed\/wp-content\/uploads\/2017\/09\/20170914-ped-esporte-image3.jpg' rel=\"lightbox[23126]\"><img loading=\"lazy\" decoding=\"async\" width=\"150\" height=\"150\" src=\"https:\/\/www.riogrande.rs.gov.br\/smed\/wp-content\/uploads\/2017\/09\/20170914-ped-esporte-image3-150x150.jpg\" class=\"attachment-thumbnail size-thumbnail\" alt=\"\" aria-describedby=\"gallery-1-23129\" \/><\/a>\n\t\t\t<\/dt>\n\t\t\t\t<dd class='wp-caption-text gallery-caption' id='gallery-1-23129'>\n\t\t\t\tDivulga\u00e7\u00e3o\n\t\t\t\t<\/dd><\/dl><br style=\"clear: both\" \/><dl class='gallery-item'>\n\t\t\t<dt class='gallery-icon landscape'>\n\t\t\t\t<a href='https:\/\/www.riogrande.rs.gov.br\/smed\/wp-content\/uploads\/2017\/09\/20170914-ped-esporte-image4.jpg' rel=\"lightbox[23126]\"><img loading=\"lazy\" decoding=\"async\" width=\"150\" height=\"150\" src=\"https:\/\/www.riogrande.rs.gov.br\/smed\/wp-content\/uploads\/2017\/09\/20170914-ped-esporte-image4-150x150.jpg\" class=\"attachment-thumbnail size-thumbnail\" alt=\"\" aria-describedby=\"gallery-1-23130\" \/><\/a>\n\t\t\t<\/dt>\n\t\t\t\t<dd class='wp-caption-text gallery-caption' id='gallery-1-23130'>\n\t\t\t\tDivulga\u00e7\u00e3o\n\t\t\t\t<\/dd><\/dl><dl class='gallery-item'>\n\t\t\t<dt class='gallery-icon landscape'>\n\t\t\t\t<a href='https:\/\/www.riogrande.rs.gov.br\/smed\/wp-content\/uploads\/2017\/09\/20170914-ped-esporte-image5.jpg' rel=\"lightbox[23126]\"><img loading=\"lazy\" decoding=\"async\" width=\"150\" height=\"150\" src=\"https:\/\/www.riogrande.rs.gov.br\/smed\/wp-content\/uploads\/2017\/09\/20170914-ped-esporte-image5-150x150.jpg\" class=\"attachment-thumbnail size-thumbnail\" alt=\"\" aria-describedby=\"gallery-1-23131\" \/><\/a>\n\t\t\t<\/dt>\n\t\t\t\t<dd class='wp-caption-text gallery-caption' id='gallery-1-23131'>\n\t\t\t\tDivulga\u00e7\u00e3o\n\t\t\t\t<\/dd><\/dl><dl class='gallery-item'>\n\t\t\t<dt class='gallery-icon landscape'>\n\t\t\t\t<a href='https:\/\/www.riogrande.rs.gov.br\/smed\/wp-content\/uploads\/2017\/09\/20170914-ped-esporte-image6.jpg' rel=\"lightbox[23126]\"><img loading=\"lazy\" decoding=\"async\" width=\"150\" height=\"150\" src=\"https:\/\/www.riogrande.rs.gov.br\/smed\/wp-content\/uploads\/2017\/09\/20170914-ped-esporte-image6-150x150.jpg\" class=\"attachment-thumbnail size-thumbnail\" alt=\"\" aria-describedby=\"gallery-1-23132\" \/><\/a>\n\t\t\t<\/dt>\n\t\t\t\t<dd class='wp-caption-text gallery-caption' id='gallery-1-23132'>\n\t\t\t\tDivulga\u00e7\u00e3o\n\t\t\t\t<\/dd><\/dl><br style=\"clear: both\" \/><dl class='gallery-item'>\n\t\t\t<dt class='gallery-icon landscape'>\n\t\t\t\t<a href='https:\/\/www.riogrande.rs.gov.br\/smed\/wp-content\/uploads\/2017\/09\/20170914-ped-esporte-image7.jpg' rel=\"lightbox[23126]\"><img loading=\"lazy\" decoding=\"async\" width=\"150\" height=\"150\" src=\"https:\/\/www.riogrande.rs.gov.br\/smed\/wp-content\/uploads\/2017\/09\/20170914-ped-esporte-image7-150x150.jpg\" class=\"attachment-thumbnail size-thumbnail\" alt=\"\" aria-describedby=\"gallery-1-23133\" \/><\/a>\n\t\t\t<\/dt>\n\t\t\t\t<dd class='wp-caption-text gallery-caption' id='gallery-1-23133'>\n\t\t\t\tDivulga\u00e7\u00e3o\n\t\t\t\t<\/dd><\/dl><dl class='gallery-item'>\n\t\t\t<dt class='gallery-icon landscape'>\n\t\t\t\t<a href='https:\/\/www.riogrande.rs.gov.br\/smed\/wp-content\/uploads\/2017\/09\/20170914-ped-esporte-image8.jpg' rel=\"lightbox[23126]\"><img loading=\"lazy\" decoding=\"async\" width=\"150\" height=\"150\" src=\"https:\/\/www.riogrande.rs.gov.br\/smed\/wp-content\/uploads\/2017\/09\/20170914-ped-esporte-image8-150x150.jpg\" class=\"attachment-thumbnail size-thumbnail\" alt=\"\" aria-describedby=\"gallery-1-23134\" \/><\/a>\n\t\t\t<\/dt>\n\t\t\t\t<dd class='wp-caption-text gallery-caption' id='gallery-1-23134'>\n\t\t\t\tDivulga\u00e7\u00e3o\n\t\t\t\t<\/dd><\/dl><dl class='gallery-item'>\n\t\t\t<dt class='gallery-icon landscape'>\n\t\t\t\t<a href='https:\/\/www.riogrande.rs.gov.br\/smed\/wp-content\/uploads\/2017\/09\/20170914-ped-esporte-image9.jpg' rel=\"lightbox[23126]\"><img loading=\"lazy\" decoding=\"async\" width=\"150\" height=\"150\" src=\"https:\/\/www.riogrande.rs.gov.br\/smed\/wp-content\/uploads\/2017\/09\/20170914-ped-esporte-image9-150x150.jpg\" class=\"attachment-thumbnail size-thumbnail\" alt=\"\" aria-describedby=\"gallery-1-23135\" \/><\/a>\n\t\t\t<\/dt>\n\t\t\t\t<dd class='wp-caption-text gallery-caption' id='gallery-1-23135'>\n\t\t\t\tDivulga\u00e7\u00e3o\n\t\t\t\t<\/dd><\/dl><br style=\"clear: both\" \/><dl class='gallery-item'>\n\t\t\t<dt class='gallery-icon landscape'>\n\t\t\t\t<a href='https:\/\/www.riogrande.rs.gov.br\/smed\/wp-content\/uploads\/2017\/09\/20170914-ped-esporte-image10.jpg' rel=\"lightbox[23126]\"><img loading=\"lazy\" decoding=\"async\" width=\"150\" height=\"150\" src=\"https:\/\/www.riogrande.rs.gov.br\/smed\/wp-content\/uploads\/2017\/09\/20170914-ped-esporte-image10-150x150.jpg\" class=\"attachment-thumbnail size-thumbnail\" alt=\"\" aria-describedby=\"gallery-1-23136\" \/><\/a>\n\t\t\t<\/dt>\n\t\t\t\t<dd class='wp-caption-text gallery-caption' id='gallery-1-23136'>\n\t\t\t\tDivulga\u00e7\u00e3o\n\t\t\t\t<\/dd><\/dl><dl class='gallery-item'>\n\t\t\t<dt class='gallery-icon landscape'>\n\t\t\t\t<a href='https:\/\/www.riogrande.rs.gov.br\/smed\/wp-content\/uploads\/2017\/09\/20170914-ped-esporte-image11.jpg' rel=\"lightbox[23126]\"><img loading=\"lazy\" decoding=\"async\" width=\"150\" height=\"150\" src=\"https:\/\/www.riogrande.rs.gov.br\/smed\/wp-content\/uploads\/2017\/09\/20170914-ped-esporte-image11-150x150.jpg\" class=\"attachment-thumbnail size-thumbnail\" alt=\"\" aria-describedby=\"gallery-1-23137\" \/><\/a>\n\t\t\t<\/dt>\n\t\t\t\t<dd class='wp-caption-text gallery-caption' id='gallery-1-23137'>\n\t\t\t\tDivulga\u00e7\u00e3o\n\t\t\t\t<\/dd><\/dl><dl class='gallery-item'>\n\t\t\t<dt class='gallery-icon landscape'>\n\t\t\t\t<a href='https:\/\/www.riogrande.rs.gov.br\/smed\/wp-content\/uploads\/2017\/09\/20170914-ped-esporte-image12.jpg' rel=\"lightbox[23126]\"><img loading=\"lazy\" decoding=\"async\" width=\"150\" height=\"150\" src=\"https:\/\/www.riogrande.rs.gov.br\/smed\/wp-content\/uploads\/2017\/09\/20170914-ped-esporte-image12-150x150.jpg\" class=\"attachment-thumbnail size-thumbnail\" alt=\"\" aria-describedby=\"gallery-1-23138\" \/><\/a>\n\t\t\t<\/dt>\n\t\t\t\t<dd class='wp-caption-text gallery-caption' id='gallery-1-23138'>\n\t\t\t\tDivulga\u00e7\u00e3o\n\t\t\t\t<\/dd><\/dl><br style=\"clear: both\" \/>\n\t\t<\/div>\n\n<p style=\"text-align: justify;\">No dia <b>25 de agosto<\/b>, o Centro Esportivo do SESI foi palco de mais uma edi\u00e7\u00e3o do <b>Festival de Esporte Educacional Especial<\/b>, promovido pela Prefeitura Municipal do Rio Grande, atrav\u00e9s da Secretaria de Munic\u00edpio da Educa\u00e7\u00e3o (SMEd). Este ano, o evento contou com a participa\u00e7\u00e3o de 460 alunos (233 no turno da manh\u00e3 e 227 no turno da tarde), de 22 institui\u00e7\u00f5es de ensino da cidade do Rio Grande e Escolas Especiais.<\/p>\n<p style=\"text-align: justify;\"><!--more--><\/p>\n<p style=\"text-align: justify;\">\n<p style=\"text-align: justify;\">O Cerimonial de Abertura da 4\u00aa edi\u00e7\u00e3o do Festival contou com a presen\u00e7a do vice-prefeito de Rio Grande, Renato Mattos Gomes; do secret\u00e1rio de Munic\u00edpio da Educa\u00e7\u00e3o, Andr\u00e9 Lemes da Silva; e da primeira-dama do Munic\u00edpio, Eunice Lanes Lindenmeyer, representando a comiss\u00e3o dos \u201c<b>280 anos de funda\u00e7\u00e3o da cidade do Rio Grande<\/b>\u201d.<\/p>\n<p style=\"text-align: justify;\">No turno da tarde, o Festival recebeu a visita do grupo de professores da Escola Get\u00falio Vargas e da secret\u00e1ria de Educa\u00e7\u00e3o do Munic\u00edpio de Pedro Os\u00f3rio, Margareth Fori, que foram acompanhar o Festival e, a partir de ent\u00e3o, planejar o evento de Esporte Educacional em seu Munic\u00edpio.<\/p>\n<p style=\"text-align: justify;\">A realiza\u00e7\u00e3o da 4\u00aa edi\u00e7\u00e3o deste evento contempla a demanda dos professores que atuam junto aos alunos com necessidades educacionais espec\u00edficas de nossa cidade, os quais se empenham para oportunizar atividades diferenciadas a seus alunos, para al\u00e9m daquelas realizadas no cotidiano escolar.<\/p>\n<p style=\"text-align: justify;\">\u201c<b>Para a realiza\u00e7\u00e3o do Festival, a Secretaria de Munic\u00edpio da Educa\u00e7\u00e3o (SMEd), contou, novamente, com o apoio do SESI e a parceria incans\u00e1vel, tanto no planejamento quanto na execu\u00e7\u00e3o, dos professores de Educa\u00e7\u00e3o F\u00edsica da Escola Municipal de Educa\u00e7\u00e3o Especial Maria Lucia Luzzardi, Escola Municipal de Educa\u00e7\u00e3o Bil\u00edngue Carmem Regina Baldino e Escola de Educa\u00e7\u00e3o Especial Jos\u00e9 Alvares de Azevedo, os quais participaram da forma\u00e7\u00e3o continuada em Esporte Educacional, que \u00e9 uma iniciativa da Petrobras e do Instituto Esporte e Educa\u00e7\u00e3o, em parceria com a Prefeitura Municipal do Rio Grande, e de onde veio a inspira\u00e7\u00e3o para sonharmos, planejarmos e executarmos este evento<\/b>\u201d, ressaltou Leontine Santos, assessora de Educa\u00e7\u00e3o F\u00edsica da SMEd.<\/p>\n<p style=\"text-align: justify;\">A realiza\u00e7\u00e3o do <b>4\u00ba Festival de Esporte Educacional Especial<\/b> tamb\u00e9m contou com o apoio incans\u00e1vel e atua\u00e7\u00e3o impec\u00e1vel dos acad\u00eamicos do Curso de Educa\u00e7\u00e3o F\u00edsica da Anhanguera Educacional e da Universidade Federal do Rio Grande, que foram fundamentais para o andamento das atividades propostas.<\/p>\n<p style=\"text-align: justify;\">A Escola Maria Lucia Luzzardi disponibilizou, gentilmente, as telas que estavam expostas, alegrando o espa\u00e7o com seu colorido \u00fanico e contemplando a tem\u00e1tica do evento, retratando, assim, a cidade do Rio Grande a partir do olhar de seus alunos.<\/p>\n<p style=\"text-align: justify;\">J\u00e1 a Escola de Educa\u00e7\u00e3o Especial Maria Montessori \u2013 APAE Rio Grande &#8211; disponibilizou as lembran\u00e7as que foram entregues \u00e0s escolas participantes, confeccionadas pelos seus alunos.<\/p>\n<p style=\"text-align: justify;\">A cada edi\u00e7\u00e3o do Festival, novos parceiros s\u00e3o inclu\u00eddos nesta caminhada, que neste ano, contou com a presen\u00e7a e colabora\u00e7\u00e3o de Alan Sim\u00f5es, representando o Projeto Rugbyando, e de Tair\u00e3 Soares, pelo Laborat\u00f3rio de Ensino de Projetos Esportivos Coletivos (lecol), da Escola Superior de Educa\u00e7\u00e3o F\u00edsica da Universidade Federal de Pelotas (UFPel), \u00a0que, juntamente com os colaboradores de seus projetos, abrilhantaram o evento com suas experi\u00eancias e possibilitaram aos alunos presentes a viv\u00eancia de atividades de inicia\u00e7\u00e3o ao rugby e ao h\u00f3quei.<\/p>\n<p style=\"text-align: justify;\">\u201c<b>\u00c9 com muito orgulho que digo que o evento foi um sucesso e, desta vez, constru\u00eddo por v\u00e1rias m\u00e3os, pois poder utilizar os materiais confeccionados pelos alunos durante as aulas, n\u00e3o tem pre\u00e7o e mostra o quanto nossa proposta tem se fortalecido junto \u00e0 rede de professores de Educa\u00e7\u00e3o F\u00edsica e, tamb\u00e9m, daqueles profissionais atuantes nas Salas de Recursos Multifuncionais da rede municipal, os quais t\u00eam colaborado efetivamente com sugest\u00f5es para que possamos melhorar a proposta a cada ano<\/b>\u201d, destacou Leontine Santos.<\/p>\n<p>&nbsp;<\/p>\n<p style=\"text-align: right;\"><em>SMEd<\/em><br \/>\n<em> Roberton Reis<\/em><br \/>\n<em> Com informa\u00e7\u00f5es da Assessoria de Educa\u00e7\u00e3o F\u00edsica<\/em><\/p>\n","protected":false},"excerpt":{"rendered":"<p>No dia 25 de agosto, o Centro Esportivo do SESI foi palco de mais uma edi\u00e7\u00e3o do Festival de Esporte Educacional Especial, promovido pela Prefeitura Municipal do Rio Grande, atrav\u00e9s da Secretaria de Munic\u00edpio da Educa\u00e7\u00e3o (SMEd). Este ano, o evento contou com a participa\u00e7\u00e3o de 460 alunos (233 no turno da manh\u00e3 e 227 [&hellip;]<\/p>\n","protected":false},"author":7,"featured_media":0,"comment_status":"closed","ping_status":"closed","sticky":false,"template":"","format":"standard","meta":{"footnotes":""},"categories":[45,1,13],"tags":[],"class_list":["post-23126","post","type-post","status-publish","format-standard","hentry","category-280anosriogrande","category-noticias","category-pedagogico"],"_links":{"self":[{"href":"https:\/\/www.riogrande.rs.gov.br\/smed\/index.php?rest_route=\/wp\/v2\/posts\/23126"}],"collection":[{"href":"https:\/\/www.riogrande.rs.gov.br\/smed\/index.php?rest_route=\/wp\/v2\/posts"}],"about":[{"href":"https:\/\/www.riogrande.rs.gov.br\/smed\/index.php?rest_route=\/wp\/v2\/types\/post"}],"author":[{"embeddable":true,"href":"https:\/\/www.riogrande.rs.gov.br\/smed\/index.php?rest_route=\/wp\/v2\/users\/7"}],"replies":[{"embeddable":true,"href":"https:\/\/www.riogrande.rs.gov.br\/smed\/index.php?rest_route=%2Fwp%2Fv2%2Fcomments&post=23126"}],"version-history":[{"count":1,"href":"https:\/\/www.riogrande.rs.gov.br\/smed\/index.php?rest_route=\/wp\/v2\/posts\/23126\/revisions"}],"predecessor-version":[{"id":23139,"href":"https:\/\/www.riogrande.rs.gov.br\/smed\/index.php?rest_route=\/wp\/v2\/posts\/23126\/revisions\/23139"}],"wp:attachment":[{"href":"https:\/\/www.riogrande.rs.gov.br\/smed\/index.php?rest_route=%2Fwp%2Fv2%2Fmedia&parent=23126"}],"wp:term":[{"taxonomy":"category","embeddable":true,"href":"https:\/\/www.riogrande.rs.gov.br\/smed\/index.php?rest_route=%2Fwp%2Fv2%2Fcategories&post=23126"},{"taxonomy":"post_tag","embeddable":true,"href":"https:\/\/www.riogrande.rs.gov.br\/smed\/index.php?rest_route=%2Fwp%2Fv2%2Ftags&post=23126"}],"curies":[{"name":"wp","href":"https:\/\/api.w.org\/{rel}","templated":true}]}}