{"id":23124,"date":"2017-09-14T14:56:48","date_gmt":"2017-09-14T17:56:48","guid":{"rendered":"http:\/\/www.riogrande.rs.gov.br\/smed\/?p=23124"},"modified":"2017-09-14T18:55:07","modified_gmt":"2017-09-14T21:55:07","slug":"emef-anselmo-dias-lopes-celebrara-seus-40-anos-nesta-sexta-feira-15","status":"publish","type":"post","link":"https:\/\/www.riogrande.rs.gov.br\/smed\/?p=23124","title":{"rendered":"EMEF Anselmo Dias Lopes celebrar\u00e1 seus 40 anos nesta sexta-feira, 15"},"content":{"rendered":"<p style=\"text-align: justify;\">Na pr\u00f3xima sexta-feira, dia <b>15 de setembro<\/b>, das <b>8h<\/b> \u00e0s <b>10h<\/b>, a Escola Municipal de Ensino Fundamental <b>Anselmo Dias Lopes<\/b>, que est\u00e1 localizada no bairro Vila Maria, celebrar\u00e1 os seus <b>40 anos<\/b> de dedica\u00e7\u00e3o \u00e0 educa\u00e7\u00e3o dos rio-grandinos com\u00a0 atividades que ser\u00e3o realizadas com a comunidade escolar.<\/p>\n<p>&nbsp;<\/p>\n<p style=\"text-align: right;\"><em>SMEd<\/em><br \/>\n<em> Roberton Reis<\/em><br \/>\n<em> Com informa\u00e7\u00f5es da EMEF Anselmo Dias Lopes<\/em><\/p>\n","protected":false},"excerpt":{"rendered":"<p>Na pr\u00f3xima sexta-feira, dia 15 de setembro, das 8h \u00e0s 10h, a Escola Municipal de Ensino Fundamental Anselmo Dias Lopes, que est\u00e1 localizada no bairro Vila Maria, celebrar\u00e1 os seus 40 anos de dedica\u00e7\u00e3o \u00e0 educa\u00e7\u00e3o dos rio-grandinos com\u00a0 atividades que ser\u00e3o realizadas com a comunidade escolar. &nbsp; SMEd Roberton Reis Com informa\u00e7\u00f5es da EMEF [&hellip;]<\/p>\n","protected":false},"author":7,"featured_media":0,"comment_status":"closed","ping_status":"closed","sticky":false,"template":"","format":"standard","meta":{"footnotes":""},"categories":[1,13],"tags":[],"class_list":["post-23124","post","type-post","status-publish","format-standard","hentry","category-noticias","category-pedagogico"],"_links":{"self":[{"href":"https:\/\/www.riogrande.rs.gov.br\/smed\/index.php?rest_route=\/wp\/v2\/posts\/23124"}],"collection":[{"href":"https:\/\/www.riogrande.rs.gov.br\/smed\/index.php?rest_route=\/wp\/v2\/posts"}],"about":[{"href":"https:\/\/www.riogrande.rs.gov.br\/smed\/index.php?rest_route=\/wp\/v2\/types\/post"}],"author":[{"embeddable":true,"href":"https:\/\/www.riogrande.rs.gov.br\/smed\/index.php?rest_route=\/wp\/v2\/users\/7"}],"replies":[{"embeddable":true,"href":"https:\/\/www.riogrande.rs.gov.br\/smed\/index.php?rest_route=%2Fwp%2Fv2%2Fcomments&post=23124"}],"version-history":[{"count":2,"href":"https:\/\/www.riogrande.rs.gov.br\/smed\/index.php?rest_route=\/wp\/v2\/posts\/23124\/revisions"}],"predecessor-version":[{"id":23150,"href":"https:\/\/www.riogrande.rs.gov.br\/smed\/index.php?rest_route=\/wp\/v2\/posts\/23124\/revisions\/23150"}],"wp:attachment":[{"href":"https:\/\/www.riogrande.rs.gov.br\/smed\/index.php?rest_route=%2Fwp%2Fv2%2Fmedia&parent=23124"}],"wp:term":[{"taxonomy":"category","embeddable":true,"href":"https:\/\/www.riogrande.rs.gov.br\/smed\/index.php?rest_route=%2Fwp%2Fv2%2Fcategories&post=23124"},{"taxonomy":"post_tag","embeddable":true,"href":"https:\/\/www.riogrande.rs.gov.br\/smed\/index.php?rest_route=%2Fwp%2Fv2%2Ftags&post=23124"}],"curies":[{"name":"wp","href":"https:\/\/api.w.org\/{rel}","templated":true}]}}