{"id":23115,"date":"2017-09-14T14:55:00","date_gmt":"2017-09-14T17:55:00","guid":{"rendered":"http:\/\/www.riogrande.rs.gov.br\/smed\/?p=23115"},"modified":"2017-09-14T14:55:15","modified_gmt":"2017-09-14T17:55:15","slug":"smed-promoveu-encontro-de-formacao-aos-professores-de-linguas-da-rede-municipal","status":"publish","type":"post","link":"https:\/\/www.riogrande.rs.gov.br\/smed\/?p=23115","title":{"rendered":"SMEd promoveu Encontro de Forma\u00e7\u00e3o aos Professores de L\u00ednguas da Rede Municipal"},"content":{"rendered":"\n\t\t<style type=\"text\/css\">\n\t\t\t#gallery-1 {\n\t\t\t\tmargin: auto;\n\t\t\t}\n\t\t\t#gallery-1 .gallery-item {\n\t\t\t\tfloat: left;\n\t\t\t\tmargin-top: 10px;\n\t\t\t\ttext-align: center;\n\t\t\t\twidth: 33%;\n\t\t\t}\n\t\t\t#gallery-1 img {\n\t\t\t\tborder: 2px solid #cfcfcf;\n\t\t\t}\n\t\t\t#gallery-1 .gallery-caption {\n\t\t\t\tmargin-left: 0;\n\t\t\t}\n\t\t\t\/* see gallery_shortcode() in wp-includes\/media.php *\/\n\t\t<\/style>\n\t\t<div id='gallery-1' class='gallery galleryid-23115 gallery-columns-3 gallery-size-thumbnail'><dl class='gallery-item'>\n\t\t\t<dt class='gallery-icon landscape'>\n\t\t\t\t<a href='https:\/\/www.riogrande.rs.gov.br\/smed\/wp-content\/uploads\/2017\/09\/20170914-ped-formacao-image6.jpg' rel=\"lightbox[23115]\"><img loading=\"lazy\" decoding=\"async\" width=\"150\" height=\"150\" src=\"https:\/\/www.riogrande.rs.gov.br\/smed\/wp-content\/uploads\/2017\/09\/20170914-ped-formacao-image6-150x150.jpg\" class=\"attachment-thumbnail size-thumbnail\" alt=\"\" aria-describedby=\"gallery-1-23121\" \/><\/a>\n\t\t\t<\/dt>\n\t\t\t\t<dd class='wp-caption-text gallery-caption' id='gallery-1-23121'>\n\t\t\t\tDivulga\u00e7\u00e3o\n\t\t\t\t<\/dd><\/dl><dl class='gallery-item'>\n\t\t\t<dt class='gallery-icon landscape'>\n\t\t\t\t<a href='https:\/\/www.riogrande.rs.gov.br\/smed\/wp-content\/uploads\/2017\/09\/20170914-ped-formacao-image3.jpg' rel=\"lightbox[23115]\"><img loading=\"lazy\" decoding=\"async\" width=\"150\" height=\"150\" src=\"https:\/\/www.riogrande.rs.gov.br\/smed\/wp-content\/uploads\/2017\/09\/20170914-ped-formacao-image3-150x150.jpg\" class=\"attachment-thumbnail size-thumbnail\" alt=\"\" aria-describedby=\"gallery-1-23118\" \/><\/a>\n\t\t\t<\/dt>\n\t\t\t\t<dd class='wp-caption-text gallery-caption' id='gallery-1-23118'>\n\t\t\t\tDivulga\u00e7\u00e3o\n\t\t\t\t<\/dd><\/dl><dl class='gallery-item'>\n\t\t\t<dt class='gallery-icon landscape'>\n\t\t\t\t<a href='https:\/\/www.riogrande.rs.gov.br\/smed\/wp-content\/uploads\/2017\/09\/20170914-ped-formacao-image4.jpg' rel=\"lightbox[23115]\"><img loading=\"lazy\" decoding=\"async\" width=\"150\" height=\"150\" src=\"https:\/\/www.riogrande.rs.gov.br\/smed\/wp-content\/uploads\/2017\/09\/20170914-ped-formacao-image4-150x150.jpg\" class=\"attachment-thumbnail size-thumbnail\" alt=\"\" aria-describedby=\"gallery-1-23119\" \/><\/a>\n\t\t\t<\/dt>\n\t\t\t\t<dd class='wp-caption-text gallery-caption' id='gallery-1-23119'>\n\t\t\t\tDivulga\u00e7\u00e3o\n\t\t\t\t<\/dd><\/dl><br style=\"clear: both\" \/><dl class='gallery-item'>\n\t\t\t<dt class='gallery-icon landscape'>\n\t\t\t\t<a href='https:\/\/www.riogrande.rs.gov.br\/smed\/wp-content\/uploads\/2017\/09\/20170914-ped-formacao-image5.jpg' rel=\"lightbox[23115]\"><img loading=\"lazy\" decoding=\"async\" width=\"150\" height=\"150\" src=\"https:\/\/www.riogrande.rs.gov.br\/smed\/wp-content\/uploads\/2017\/09\/20170914-ped-formacao-image5-150x150.jpg\" class=\"attachment-thumbnail size-thumbnail\" alt=\"\" aria-describedby=\"gallery-1-23120\" \/><\/a>\n\t\t\t<\/dt>\n\t\t\t\t<dd class='wp-caption-text gallery-caption' id='gallery-1-23120'>\n\t\t\t\tDivulga\u00e7\u00e3o\n\t\t\t\t<\/dd><\/dl><dl class='gallery-item'>\n\t\t\t<dt class='gallery-icon landscape'>\n\t\t\t\t<a href='https:\/\/www.riogrande.rs.gov.br\/smed\/wp-content\/uploads\/2017\/09\/20170914-ped-formacao-image2.jpg' rel=\"lightbox[23115]\"><img loading=\"lazy\" decoding=\"async\" width=\"150\" height=\"150\" src=\"https:\/\/www.riogrande.rs.gov.br\/smed\/wp-content\/uploads\/2017\/09\/20170914-ped-formacao-image2-150x150.jpg\" class=\"attachment-thumbnail size-thumbnail\" alt=\"\" aria-describedby=\"gallery-1-23117\" \/><\/a>\n\t\t\t<\/dt>\n\t\t\t\t<dd class='wp-caption-text gallery-caption' id='gallery-1-23117'>\n\t\t\t\tDivulga\u00e7\u00e3o\n\t\t\t\t<\/dd><\/dl><dl class='gallery-item'>\n\t\t\t<dt class='gallery-icon landscape'>\n\t\t\t\t<a href='https:\/\/www.riogrande.rs.gov.br\/smed\/wp-content\/uploads\/2017\/09\/20170914-ped-formacao-image1.jpg' rel=\"lightbox[23115]\"><img loading=\"lazy\" decoding=\"async\" width=\"150\" height=\"150\" src=\"https:\/\/www.riogrande.rs.gov.br\/smed\/wp-content\/uploads\/2017\/09\/20170914-ped-formacao-image1-150x150.jpg\" class=\"attachment-thumbnail size-thumbnail\" alt=\"\" aria-describedby=\"gallery-1-23116\" \/><\/a>\n\t\t\t<\/dt>\n\t\t\t\t<dd class='wp-caption-text gallery-caption' id='gallery-1-23116'>\n\t\t\t\tDivulga\u00e7\u00e3o\n\t\t\t\t<\/dd><\/dl><br style=\"clear: both\" \/>\n\t\t<\/div>\n\n<p style=\"text-align: justify;\">Na manh\u00e3 do dia <b>06 de setembro<\/b>, os professores de L\u00edngua Portuguesa, L\u00edngua Espanhola e L\u00edngua Inglesa, da rede p\u00fablica municipal de ensino, participaram da Forma\u00e7\u00e3o promovida pela Secretaria de Munic\u00edpio da Educa\u00e7\u00e3o (SMEd), atrav\u00e9s do N\u00facleo dos Anos Finais, que aconteceu na EMEF Cipriano Porto Alegre, sobre \u201cPr\u00e1ticas Pedag\u00f3gicas em L\u00ednguas\u201d.<\/p>\n<p><!--more--><\/p>\n<p>&nbsp;<\/p>\n<p style=\"text-align: justify;\">Na oportunidade, a Prof.\u00aa \u00a0Twyne \u00a0Ramos, do Instituto de Letras e Artes\/FURG, abordou quest\u00f5es relativas ao ensino da L\u00edngua Estrangeira: \u201cO ensino de L\u00edngua Espanhola \u2013 LE&#8221;. Tamb\u00e9m trouxe \u00e0 discuss\u00e3o a quest\u00e3o da instabilidade do ensino da L\u00edngua Estrangeira frente \u00e0s novas orienta\u00e7\u00f5es do ensino, no que tange \u00e0 Base Nacional \u00a0Comum Curricular. Ao desenvolver a proposta do ensino de L\u00edngua Estrangeira, enfatizou que <b>\u201csomos todos leitores e ouvintes do mundo<\/b>\u201d, concep\u00e7\u00e3o \u00a0que vai ao encontro do ensino da L\u00edngua Estrangeira frente \u00e0 diversidade de Tipo e de G\u00eanero Textual.<\/p>\n<p style=\"text-align: justify;\">No segundo momento, a Prof.\u00aa de L\u00edngua Portuguesa, Juciane Machado Guimar\u00e3es, da EMEF Helena Small, apresentou o Projeto Anne Frank, expondo os diversos G\u00eaneros Textuais que foram abordados a partir do livro \u201cAnne Frank\u201d. Atrav\u00e9s de uma proposta interdisciplinar, essa atividade foi realizada \u00a0\u00a0com os Professores de Artes, Geografia e Hist\u00f3ria da Escola, nas turmas dos 9\u00ba anos. Segundo a Prof.\u00aa Juciane, \u201cesse foi um trabalho integrador de diferentes pr\u00e1ticas discursivas\u201d.<\/p>\n<p style=\"text-align: justify;\">J\u00e1 as Professoras Kelli \u00a0da Rosa Ribeiro e Silvana Schwab do Nascimento, tamb\u00e9m do ILA\/FURG, enfatizaram a import\u00e2ncia do trabalho por meio dos G\u00eaneros Textuais a partir do estudo e sistematiza\u00e7\u00e3o dos Temas Transversais dos PCN\u2019s e dos Temas Integradores da Base Nacional Comum Curricular. As mesmas abordaram o ensino da l\u00edngua \u201cde forma \u00a0din\u00e2mica, viva e em constante mudan\u00e7a, em estreita liga\u00e7\u00e3o com a hist\u00f3ria e a cultura da sociedade\u201d. Sendo assim, destacaram a relev\u00e2ncia do trabalho a partir dos \u201cG\u00eaneros Textuais\u201d permearem as aulas de L\u00edngua Portuguesa.<\/p>\n<p>&nbsp;<\/p>\n<p style=\"text-align: right;\"><em>SMEd<\/em><br \/>\n<em> Roberton Reis<\/em><br \/>\n<em> Com informa\u00e7\u00f5es da Assessoria de L\u00ednguas<\/em><\/p>\n","protected":false},"excerpt":{"rendered":"<p>Na manh\u00e3 do dia 06 de setembro, os professores de L\u00edngua Portuguesa, L\u00edngua Espanhola e L\u00edngua Inglesa, da rede p\u00fablica municipal de ensino, participaram da Forma\u00e7\u00e3o promovida pela Secretaria de Munic\u00edpio da Educa\u00e7\u00e3o (SMEd), atrav\u00e9s do N\u00facleo dos Anos Finais, que aconteceu na EMEF Cipriano Porto Alegre, sobre \u201cPr\u00e1ticas Pedag\u00f3gicas em L\u00ednguas\u201d.<\/p>\n","protected":false},"author":7,"featured_media":0,"comment_status":"closed","ping_status":"closed","sticky":false,"template":"","format":"standard","meta":{"footnotes":""},"categories":[1,13],"tags":[],"class_list":["post-23115","post","type-post","status-publish","format-standard","hentry","category-noticias","category-pedagogico"],"_links":{"self":[{"href":"https:\/\/www.riogrande.rs.gov.br\/smed\/index.php?rest_route=\/wp\/v2\/posts\/23115"}],"collection":[{"href":"https:\/\/www.riogrande.rs.gov.br\/smed\/index.php?rest_route=\/wp\/v2\/posts"}],"about":[{"href":"https:\/\/www.riogrande.rs.gov.br\/smed\/index.php?rest_route=\/wp\/v2\/types\/post"}],"author":[{"embeddable":true,"href":"https:\/\/www.riogrande.rs.gov.br\/smed\/index.php?rest_route=\/wp\/v2\/users\/7"}],"replies":[{"embeddable":true,"href":"https:\/\/www.riogrande.rs.gov.br\/smed\/index.php?rest_route=%2Fwp%2Fv2%2Fcomments&post=23115"}],"version-history":[{"count":1,"href":"https:\/\/www.riogrande.rs.gov.br\/smed\/index.php?rest_route=\/wp\/v2\/posts\/23115\/revisions"}],"predecessor-version":[{"id":23122,"href":"https:\/\/www.riogrande.rs.gov.br\/smed\/index.php?rest_route=\/wp\/v2\/posts\/23115\/revisions\/23122"}],"wp:attachment":[{"href":"https:\/\/www.riogrande.rs.gov.br\/smed\/index.php?rest_route=%2Fwp%2Fv2%2Fmedia&parent=23115"}],"wp:term":[{"taxonomy":"category","embeddable":true,"href":"https:\/\/www.riogrande.rs.gov.br\/smed\/index.php?rest_route=%2Fwp%2Fv2%2Fcategories&post=23115"},{"taxonomy":"post_tag","embeddable":true,"href":"https:\/\/www.riogrande.rs.gov.br\/smed\/index.php?rest_route=%2Fwp%2Fv2%2Ftags&post=23115"}],"curies":[{"name":"wp","href":"https:\/\/api.w.org\/{rel}","templated":true}]}}