{"id":23110,"date":"2017-09-13T15:45:34","date_gmt":"2017-09-13T18:45:34","guid":{"rendered":"http:\/\/www.riogrande.rs.gov.br\/smed\/?p=23110"},"modified":"2017-09-13T18:54:17","modified_gmt":"2017-09-13T21:54:17","slug":"prazo-para-inscricoes-no-iv-festival-de-video-estudantil-da-cidade-do-rio-granders-encerra-no-dia-19","status":"publish","type":"post","link":"https:\/\/www.riogrande.rs.gov.br\/smed\/?p=23110","title":{"rendered":"Prazo para inscri\u00e7\u00f5es no \u201cIV Festival de V\u00eddeo Estudantil da cidade do Rio Grande\/RS\u201d encerra no dia 19"},"content":{"rendered":"<p style=\"text-align: justify;\">A Secretaria de Munic\u00edpio da Educa\u00e7\u00e3o de Rio Grande (SMEd), atrav\u00e9s do N\u00facleo de Tecnologia Municipal (NTM), informa que o prazo final para que as escolas da rede p\u00fablica municipal de ensino inscrevam-se no \u201c<b>IV Festival de V\u00eddeo Estudantil da cidade do Rio Grande\/RS<\/b>\u201d encerra na pr\u00f3xima ter\u00e7a-feira, dia <b>19 de setembro<\/b>.<\/p>\n<p style=\"text-align: justify;\"><!--more--><\/p>\n<p style=\"text-align: justify;\">Acesse o <a href=\"http:\/\/www.riogrande.rs.gov.br\/smed\/wp-content\/uploads\/2017\/06\/20170602-iv_festival_video_estudantil_rio_grande.pdf\" target=\"_blank\" rel=\"noopener\"><strong>edital<\/strong><\/a> do \u201cIV Festival de V\u00eddeo Estudantil da cidade do Rio Grande\/RS\u201d para obter maiores informa\u00e7\u00f5es. Confira abaixo as datas das pr\u00f3ximas atividades relativas ao Festival.<\/p>\n<ul>\n<li style=\"text-align: justify;\">Inscri\u00e7\u00f5es e entrega do DVD: at\u00e9 19 de setembro;<\/li>\n<li style=\"text-align: justify;\">Vota\u00e7\u00e3o nas escolas: de 25 de setembro a 06 de outubro;<\/li>\n<li style=\"text-align: justify;\">Entrega das urnas para vota\u00e7\u00e3o: de 09 a 11 de outubro;<\/li>\n<li style=\"text-align: justify;\">Cerim\u00f4nia de premia\u00e7\u00e3o: 19 de outubro.<\/li>\n<\/ul>\n<p style=\"text-align: right;\"><em>SMEd<\/em><br \/>\n<em> Roberton Reis<\/em><\/p>\n","protected":false},"excerpt":{"rendered":"<p>A Secretaria de Munic\u00edpio da Educa\u00e7\u00e3o de Rio Grande (SMEd), atrav\u00e9s do N\u00facleo de Tecnologia Municipal (NTM), informa que o prazo final para que as escolas da rede p\u00fablica municipal de ensino inscrevam-se no \u201cIV Festival de V\u00eddeo Estudantil da cidade do Rio Grande\/RS\u201d encerra na pr\u00f3xima ter\u00e7a-feira, dia 19 de setembro.<\/p>\n","protected":false},"author":7,"featured_media":0,"comment_status":"closed","ping_status":"closed","sticky":false,"template":"","format":"standard","meta":{"footnotes":""},"categories":[1,13],"tags":[],"class_list":["post-23110","post","type-post","status-publish","format-standard","hentry","category-noticias","category-pedagogico"],"_links":{"self":[{"href":"https:\/\/www.riogrande.rs.gov.br\/smed\/index.php?rest_route=\/wp\/v2\/posts\/23110"}],"collection":[{"href":"https:\/\/www.riogrande.rs.gov.br\/smed\/index.php?rest_route=\/wp\/v2\/posts"}],"about":[{"href":"https:\/\/www.riogrande.rs.gov.br\/smed\/index.php?rest_route=\/wp\/v2\/types\/post"}],"author":[{"embeddable":true,"href":"https:\/\/www.riogrande.rs.gov.br\/smed\/index.php?rest_route=\/wp\/v2\/users\/7"}],"replies":[{"embeddable":true,"href":"https:\/\/www.riogrande.rs.gov.br\/smed\/index.php?rest_route=%2Fwp%2Fv2%2Fcomments&post=23110"}],"version-history":[{"count":2,"href":"https:\/\/www.riogrande.rs.gov.br\/smed\/index.php?rest_route=\/wp\/v2\/posts\/23110\/revisions"}],"predecessor-version":[{"id":23113,"href":"https:\/\/www.riogrande.rs.gov.br\/smed\/index.php?rest_route=\/wp\/v2\/posts\/23110\/revisions\/23113"}],"wp:attachment":[{"href":"https:\/\/www.riogrande.rs.gov.br\/smed\/index.php?rest_route=%2Fwp%2Fv2%2Fmedia&parent=23110"}],"wp:term":[{"taxonomy":"category","embeddable":true,"href":"https:\/\/www.riogrande.rs.gov.br\/smed\/index.php?rest_route=%2Fwp%2Fv2%2Fcategories&post=23110"},{"taxonomy":"post_tag","embeddable":true,"href":"https:\/\/www.riogrande.rs.gov.br\/smed\/index.php?rest_route=%2Fwp%2Fv2%2Ftags&post=23110"}],"curies":[{"name":"wp","href":"https:\/\/api.w.org\/{rel}","templated":true}]}}