{"id":23107,"date":"2017-09-13T15:42:44","date_gmt":"2017-09-13T18:42:44","guid":{"rendered":"http:\/\/www.riogrande.rs.gov.br\/smed\/?p=23107"},"modified":"2017-09-13T15:42:44","modified_gmt":"2017-09-13T18:42:44","slug":"emef-prof-a-marilia-rodrigues-santos-celebrara-seus-40-anos-no-dia-16","status":"publish","type":"post","link":"https:\/\/www.riogrande.rs.gov.br\/smed\/?p=23107","title":{"rendered":"EMEF Prof.\u00aa Mar\u00edlia Rodrigues Santos celebrar\u00e1 seus 40 anos no dia 16"},"content":{"rendered":"<div id=\"attachment_23108\" style=\"width: 495px\" class=\"wp-caption aligncenter\"><a href=\"http:\/\/www.riogrande.rs.gov.br\/smed\/wp-content\/uploads\/2017\/09\/20170913-ped-marilia-image1.jpg\" rel=\"lightbox[23107]\"><img loading=\"lazy\" decoding=\"async\" aria-describedby=\"caption-attachment-23108\" class=\"size-medium wp-image-23108\" src=\"http:\/\/www.riogrande.rs.gov.br\/smed\/wp-content\/uploads\/2017\/09\/20170913-ped-marilia-image1-485x335.jpg\" alt=\"\" width=\"485\" height=\"335\" srcset=\"https:\/\/www.riogrande.rs.gov.br\/smed\/wp-content\/uploads\/2017\/09\/20170913-ped-marilia-image1-485x335.jpg 485w, https:\/\/www.riogrande.rs.gov.br\/smed\/wp-content\/uploads\/2017\/09\/20170913-ped-marilia-image1-768x530.jpg 768w, https:\/\/www.riogrande.rs.gov.br\/smed\/wp-content\/uploads\/2017\/09\/20170913-ped-marilia-image1-300x207.jpg 300w, https:\/\/www.riogrande.rs.gov.br\/smed\/wp-content\/uploads\/2017\/09\/20170913-ped-marilia-image1.jpg 800w\" sizes=\"(max-width: 485px) 100vw, 485px\" \/><\/a><p id=\"caption-attachment-23108\" class=\"wp-caption-text\">Divulga\u00e7\u00e3o<\/p><\/div>\n<p style=\"text-align: justify;\">No pr\u00f3ximo s\u00e1bado, dia <b>16 de setembro<\/b>, \u00e0s <b>9h<\/b>, a Escola Municipal de Ensino Fundamental <b>Mar\u00edlia Rodrigues Santos<\/b>, que est\u00e1 localizada no bairro Boa Vista, realizar\u00e1 atividades alusivas \u00e0s comemora\u00e7\u00f5es dos seus <b>40 anos<\/b><em>.<\/em><\/p>\n<p style=\"text-align: right;\">\n<p style=\"text-align: right;\"><em>SMEd<\/em><br \/>\n<em> Roberton Reis<\/em><br \/>\n<em> Com informa\u00e7\u00f5es da EMEF Mar\u00edlia Rodrigues Santos<\/em><\/p>\n","protected":false},"excerpt":{"rendered":"<p>No pr\u00f3ximo s\u00e1bado, dia 16 de setembro, \u00e0s 9h, a Escola Municipal de Ensino Fundamental Mar\u00edlia Rodrigues Santos, que est\u00e1 localizada no bairro Boa Vista, realizar\u00e1 atividades alusivas \u00e0s comemora\u00e7\u00f5es dos seus 40 anos. SMEd Roberton Reis Com informa\u00e7\u00f5es da EMEF Mar\u00edlia Rodrigues Santos<\/p>\n","protected":false},"author":7,"featured_media":0,"comment_status":"closed","ping_status":"closed","sticky":false,"template":"","format":"standard","meta":{"footnotes":""},"categories":[1,13],"tags":[],"class_list":["post-23107","post","type-post","status-publish","format-standard","hentry","category-noticias","category-pedagogico"],"_links":{"self":[{"href":"https:\/\/www.riogrande.rs.gov.br\/smed\/index.php?rest_route=\/wp\/v2\/posts\/23107"}],"collection":[{"href":"https:\/\/www.riogrande.rs.gov.br\/smed\/index.php?rest_route=\/wp\/v2\/posts"}],"about":[{"href":"https:\/\/www.riogrande.rs.gov.br\/smed\/index.php?rest_route=\/wp\/v2\/types\/post"}],"author":[{"embeddable":true,"href":"https:\/\/www.riogrande.rs.gov.br\/smed\/index.php?rest_route=\/wp\/v2\/users\/7"}],"replies":[{"embeddable":true,"href":"https:\/\/www.riogrande.rs.gov.br\/smed\/index.php?rest_route=%2Fwp%2Fv2%2Fcomments&post=23107"}],"version-history":[{"count":1,"href":"https:\/\/www.riogrande.rs.gov.br\/smed\/index.php?rest_route=\/wp\/v2\/posts\/23107\/revisions"}],"predecessor-version":[{"id":23109,"href":"https:\/\/www.riogrande.rs.gov.br\/smed\/index.php?rest_route=\/wp\/v2\/posts\/23107\/revisions\/23109"}],"wp:attachment":[{"href":"https:\/\/www.riogrande.rs.gov.br\/smed\/index.php?rest_route=%2Fwp%2Fv2%2Fmedia&parent=23107"}],"wp:term":[{"taxonomy":"category","embeddable":true,"href":"https:\/\/www.riogrande.rs.gov.br\/smed\/index.php?rest_route=%2Fwp%2Fv2%2Fcategories&post=23107"},{"taxonomy":"post_tag","embeddable":true,"href":"https:\/\/www.riogrande.rs.gov.br\/smed\/index.php?rest_route=%2Fwp%2Fv2%2Ftags&post=23107"}],"curies":[{"name":"wp","href":"https:\/\/api.w.org\/{rel}","templated":true}]}}