{"id":22044,"date":"2017-06-26T13:24:49","date_gmt":"2017-06-26T16:24:49","guid":{"rendered":"http:\/\/www.riogrande.rs.gov.br\/smed\/?p=22044"},"modified":"2017-06-26T13:24:49","modified_gmt":"2017-06-26T16:24:49","slug":"smed-realizara-reuniao-com-gestores-e-professores-das-salas-de-recursos-das-emeis","status":"publish","type":"post","link":"https:\/\/www.riogrande.rs.gov.br\/smed\/?p=22044","title":{"rendered":"SMEd realizar\u00e1 Reuni\u00e3o com Gestores e Professores das Salas de Recursos das EMEIs"},"content":{"rendered":"<p style=\"text-align: justify;\">A <strong>Secretaria de Munic\u00edpio da Educa\u00e7\u00e3o de Rio Grande (SMEd)<\/strong>, atrav\u00e9s da parceria entre o <strong>N\u00facleo de Diversidade e Inclus\u00e3o<\/strong> e o <strong>N\u00facleo de Educa\u00e7\u00e3o Infantil<\/strong>, realizar\u00e1, na pr\u00f3xima ter\u00e7a-feira, dia<b> 27 de junho<\/b>, \u00e0s <b>14h<\/b>, na Sala de Reuni\u00f5es da Livraria Vanguarda, Rua General Neto, 392, Centro, reuni\u00e3o com os gestores e professores que atuam nas Salas de Recursos das Escolas de Educa\u00e7\u00e3o Infantil da rede municipal.<\/p>\n<p>&nbsp;<\/p>\n<p style=\"text-align: right;\"><em>SMEd<\/em><br \/>\n<em> Roberton Reis<\/em><\/p>\n","protected":false},"excerpt":{"rendered":"<p>A Secretaria de Munic\u00edpio da Educa\u00e7\u00e3o de Rio Grande (SMEd), atrav\u00e9s da parceria entre o N\u00facleo de Diversidade e Inclus\u00e3o e o N\u00facleo de Educa\u00e7\u00e3o Infantil, realizar\u00e1, na pr\u00f3xima ter\u00e7a-feira, dia 27 de junho, \u00e0s 14h, na Sala de Reuni\u00f5es da Livraria Vanguarda, Rua General Neto, 392, Centro, reuni\u00e3o com os gestores e professores que [&hellip;]<\/p>\n","protected":false},"author":7,"featured_media":0,"comment_status":"closed","ping_status":"closed","sticky":false,"template":"","format":"standard","meta":{"footnotes":""},"categories":[1,13],"tags":[],"class_list":["post-22044","post","type-post","status-publish","format-standard","hentry","category-noticias","category-pedagogico"],"_links":{"self":[{"href":"https:\/\/www.riogrande.rs.gov.br\/smed\/index.php?rest_route=\/wp\/v2\/posts\/22044"}],"collection":[{"href":"https:\/\/www.riogrande.rs.gov.br\/smed\/index.php?rest_route=\/wp\/v2\/posts"}],"about":[{"href":"https:\/\/www.riogrande.rs.gov.br\/smed\/index.php?rest_route=\/wp\/v2\/types\/post"}],"author":[{"embeddable":true,"href":"https:\/\/www.riogrande.rs.gov.br\/smed\/index.php?rest_route=\/wp\/v2\/users\/7"}],"replies":[{"embeddable":true,"href":"https:\/\/www.riogrande.rs.gov.br\/smed\/index.php?rest_route=%2Fwp%2Fv2%2Fcomments&post=22044"}],"version-history":[{"count":1,"href":"https:\/\/www.riogrande.rs.gov.br\/smed\/index.php?rest_route=\/wp\/v2\/posts\/22044\/revisions"}],"predecessor-version":[{"id":22045,"href":"https:\/\/www.riogrande.rs.gov.br\/smed\/index.php?rest_route=\/wp\/v2\/posts\/22044\/revisions\/22045"}],"wp:attachment":[{"href":"https:\/\/www.riogrande.rs.gov.br\/smed\/index.php?rest_route=%2Fwp%2Fv2%2Fmedia&parent=22044"}],"wp:term":[{"taxonomy":"category","embeddable":true,"href":"https:\/\/www.riogrande.rs.gov.br\/smed\/index.php?rest_route=%2Fwp%2Fv2%2Fcategories&post=22044"},{"taxonomy":"post_tag","embeddable":true,"href":"https:\/\/www.riogrande.rs.gov.br\/smed\/index.php?rest_route=%2Fwp%2Fv2%2Ftags&post=22044"}],"curies":[{"name":"wp","href":"https:\/\/api.w.org\/{rel}","templated":true}]}}