{"id":22038,"date":"2017-06-23T16:58:19","date_gmt":"2017-06-23T19:58:19","guid":{"rendered":"http:\/\/www.riogrande.rs.gov.br\/smed\/?p=22038"},"modified":"2017-06-23T16:58:19","modified_gmt":"2017-06-23T19:58:19","slug":"coleta-de-dados-do-censo-escolar-2017-encerra-no-dia-31-de-julho","status":"publish","type":"post","link":"https:\/\/www.riogrande.rs.gov.br\/smed\/?p=22038","title":{"rendered":"Coleta de Dados do Censo Escolar 2017 encerra no dia 31 de julho"},"content":{"rendered":"<div id=\"attachment_22039\" style=\"width: 495px\" class=\"wp-caption aligncenter\"><a href=\"http:\/\/www.riogrande.rs.gov.br\/smed\/wp-content\/uploads\/2017\/06\/20170623-ped-censo-image1.jpg\" rel=\"lightbox[22038]\"><img loading=\"lazy\" decoding=\"async\" aria-describedby=\"caption-attachment-22039\" class=\"size-medium wp-image-22039\" src=\"http:\/\/www.riogrande.rs.gov.br\/smed\/wp-content\/uploads\/2017\/06\/20170623-ped-censo-image1-485x238.jpg\" alt=\"\" width=\"485\" height=\"238\" srcset=\"https:\/\/www.riogrande.rs.gov.br\/smed\/wp-content\/uploads\/2017\/06\/20170623-ped-censo-image1-485x238.jpg 485w, https:\/\/www.riogrande.rs.gov.br\/smed\/wp-content\/uploads\/2017\/06\/20170623-ped-censo-image1-768x377.jpg 768w, https:\/\/www.riogrande.rs.gov.br\/smed\/wp-content\/uploads\/2017\/06\/20170623-ped-censo-image1-421x207.jpg 421w, https:\/\/www.riogrande.rs.gov.br\/smed\/wp-content\/uploads\/2017\/06\/20170623-ped-censo-image1.jpg 800w\" sizes=\"(max-width: 485px) 100vw, 485px\" \/><\/a><p id=\"caption-attachment-22039\" class=\"wp-caption-text\">Divulga\u00e7\u00e3o<\/p><\/div>\n<p style=\"text-align: justify;\">A Secretaria de Munic\u00edpio da Educa\u00e7\u00e3o de Rio Grande (SMEd), atrav\u00e9s do N\u00facleo de Registro e Acompanhamento dos Estudantes, em parceria com a 18\u00aa Coordenadoria Regional de Educa\u00e7\u00e3o (CRE), realizou, no dia <b>29 de maio<\/b>, nas depend\u00eancias da <b>Escola Municipal para a Diversidade Cultural e Inclus\u00e3o Escola Viva<\/b>, uma Reuni\u00e3o\/Forma\u00e7\u00e3o para o in\u00edcio dos trabalhos do <b>Censo Escolar 2017<\/b>.<\/p>\n<p><!--more--><\/p>\n<p>&nbsp;<\/p>\n<p style=\"text-align: justify;\">Na oportunidade, os diretores e\/ou respons\u00e1veis pelo CENSO nas EMEIs, EMEFs e Escolas de Educa\u00e7\u00e3o Infantil Particulares e Conveniadas, tiveram a oportunidade de esclarecer d\u00favidas sobre a fase inicial desse processo, atrav\u00e9s da palestra do representante da 18\u00aa CRE, Gilmar Griep, que \u00e9 o respons\u00e1vel regional pelo censo. Neste ano, o per\u00edodo de inser\u00e7\u00e3o de dados no sistema iniciou no dia 31 de maio e encerrar\u00e1 no dia 31 de julho.<\/p>\n<p style=\"text-align: right;\"><em>SMEd<\/em><br \/>\n<em> Roberton Reis<\/em><br \/>\n<em> Com informa\u00e7\u00f5es do N\u00facleo de Registro e Acompanhamento dos Estudantes<\/em><\/p>\n","protected":false},"excerpt":{"rendered":"<p>A Secretaria de Munic\u00edpio da Educa\u00e7\u00e3o de Rio Grande (SMEd), atrav\u00e9s do N\u00facleo de Registro e Acompanhamento dos Estudantes, em parceria com a 18\u00aa Coordenadoria Regional de Educa\u00e7\u00e3o (CRE), realizou, no dia 29 de maio, nas depend\u00eancias da Escola Municipal para a Diversidade Cultural e Inclus\u00e3o Escola Viva, uma Reuni\u00e3o\/Forma\u00e7\u00e3o para o in\u00edcio dos trabalhos [&hellip;]<\/p>\n","protected":false},"author":7,"featured_media":0,"comment_status":"closed","ping_status":"closed","sticky":false,"template":"","format":"standard","meta":{"footnotes":""},"categories":[1,13],"tags":[],"class_list":["post-22038","post","type-post","status-publish","format-standard","hentry","category-noticias","category-pedagogico"],"_links":{"self":[{"href":"https:\/\/www.riogrande.rs.gov.br\/smed\/index.php?rest_route=\/wp\/v2\/posts\/22038"}],"collection":[{"href":"https:\/\/www.riogrande.rs.gov.br\/smed\/index.php?rest_route=\/wp\/v2\/posts"}],"about":[{"href":"https:\/\/www.riogrande.rs.gov.br\/smed\/index.php?rest_route=\/wp\/v2\/types\/post"}],"author":[{"embeddable":true,"href":"https:\/\/www.riogrande.rs.gov.br\/smed\/index.php?rest_route=\/wp\/v2\/users\/7"}],"replies":[{"embeddable":true,"href":"https:\/\/www.riogrande.rs.gov.br\/smed\/index.php?rest_route=%2Fwp%2Fv2%2Fcomments&post=22038"}],"version-history":[{"count":1,"href":"https:\/\/www.riogrande.rs.gov.br\/smed\/index.php?rest_route=\/wp\/v2\/posts\/22038\/revisions"}],"predecessor-version":[{"id":22040,"href":"https:\/\/www.riogrande.rs.gov.br\/smed\/index.php?rest_route=\/wp\/v2\/posts\/22038\/revisions\/22040"}],"wp:attachment":[{"href":"https:\/\/www.riogrande.rs.gov.br\/smed\/index.php?rest_route=%2Fwp%2Fv2%2Fmedia&parent=22038"}],"wp:term":[{"taxonomy":"category","embeddable":true,"href":"https:\/\/www.riogrande.rs.gov.br\/smed\/index.php?rest_route=%2Fwp%2Fv2%2Fcategories&post=22038"},{"taxonomy":"post_tag","embeddable":true,"href":"https:\/\/www.riogrande.rs.gov.br\/smed\/index.php?rest_route=%2Fwp%2Fv2%2Ftags&post=22038"}],"curies":[{"name":"wp","href":"https:\/\/api.w.org\/{rel}","templated":true}]}}