{"id":22016,"date":"2017-06-22T16:54:23","date_gmt":"2017-06-22T19:54:23","guid":{"rendered":"http:\/\/www.riogrande.rs.gov.br\/smed\/?p=22016"},"modified":"2017-06-22T16:54:23","modified_gmt":"2017-06-22T19:54:23","slug":"smed-realizara-reuniao-mensal-com-professores-da-educacao-especial-no-dia-26","status":"publish","type":"post","link":"https:\/\/www.riogrande.rs.gov.br\/smed\/?p=22016","title":{"rendered":"SMEd realizar\u00e1 reuni\u00e3o mensal com Professores da Educa\u00e7\u00e3o Especial no dia 26"},"content":{"rendered":"<p style=\"text-align: justify;\">A Secretaria de Munic\u00edpio da Educa\u00e7\u00e3o de Rio Grande (SMEd), atrav\u00e9s do <b>N\u00facleo de Diversidade e Inclus\u00e3o<\/b>, realizar\u00e1, na pr\u00f3xima segunda-feira, dia <b>26 de junho<\/b>, reuni\u00e3o mensal com os <b>Professores da Educa\u00e7\u00e3o Especial\/Inclusiva <\/b>(Salas de Recursos e Salas de Recursos de Inclus\u00e3o), que atuam nas escolas da rede p\u00fablica municipal de ensino.<\/p>\n<p style=\"text-align: justify;\"><!--more--><\/p>\n<p style=\"text-align: justify;\">\n<p style=\"text-align: justify;\">De acordo com o N\u00facleo de Diversidade e Inclus\u00e3o, esta reuni\u00e3o\/forma\u00e7\u00e3o, que acontecer\u00e1 no Audit\u00f3rio da Escola Municipal de Ensino Fundamental <b>Cipriano Porto Alegre<\/b>, que est\u00e1 localizada na Rua Irm\u00e3 Ot\u00edlia, 229, Bairro Am\u00e9rica, ocorrer\u00e1 nos seguintes hor\u00e1rios: \u00e0s <b>8h30min<\/b>, para os professores que atuam no turno da manh\u00e3; e \u00e0s <b>14h<\/b>, para os que atuam no turno da tarde. Os profissionais que trabalham no turno vespertino ou noite, poder\u00e3o optar por comparecer pela manh\u00e3 ou tarde.<\/p>\n<p style=\"text-align: right;\"><em>SMEd<\/em><br \/>\n<em> Roberton Reis<\/em><br \/>\n<em> Com informa\u00e7\u00f5es do N\u00facleo de Diversidade e Inclus\u00e3o<\/em><\/p>\n","protected":false},"excerpt":{"rendered":"<p>A Secretaria de Munic\u00edpio da Educa\u00e7\u00e3o de Rio Grande (SMEd), atrav\u00e9s do N\u00facleo de Diversidade e Inclus\u00e3o, realizar\u00e1, na pr\u00f3xima segunda-feira, dia 26 de junho, reuni\u00e3o mensal com os Professores da Educa\u00e7\u00e3o Especial\/Inclusiva (Salas de Recursos e Salas de Recursos de Inclus\u00e3o), que atuam nas escolas da rede p\u00fablica municipal de ensino.<\/p>\n","protected":false},"author":7,"featured_media":0,"comment_status":"closed","ping_status":"closed","sticky":false,"template":"","format":"standard","meta":{"footnotes":""},"categories":[1,13],"tags":[],"class_list":["post-22016","post","type-post","status-publish","format-standard","hentry","category-noticias","category-pedagogico"],"_links":{"self":[{"href":"https:\/\/www.riogrande.rs.gov.br\/smed\/index.php?rest_route=\/wp\/v2\/posts\/22016"}],"collection":[{"href":"https:\/\/www.riogrande.rs.gov.br\/smed\/index.php?rest_route=\/wp\/v2\/posts"}],"about":[{"href":"https:\/\/www.riogrande.rs.gov.br\/smed\/index.php?rest_route=\/wp\/v2\/types\/post"}],"author":[{"embeddable":true,"href":"https:\/\/www.riogrande.rs.gov.br\/smed\/index.php?rest_route=\/wp\/v2\/users\/7"}],"replies":[{"embeddable":true,"href":"https:\/\/www.riogrande.rs.gov.br\/smed\/index.php?rest_route=%2Fwp%2Fv2%2Fcomments&post=22016"}],"version-history":[{"count":1,"href":"https:\/\/www.riogrande.rs.gov.br\/smed\/index.php?rest_route=\/wp\/v2\/posts\/22016\/revisions"}],"predecessor-version":[{"id":22017,"href":"https:\/\/www.riogrande.rs.gov.br\/smed\/index.php?rest_route=\/wp\/v2\/posts\/22016\/revisions\/22017"}],"wp:attachment":[{"href":"https:\/\/www.riogrande.rs.gov.br\/smed\/index.php?rest_route=%2Fwp%2Fv2%2Fmedia&parent=22016"}],"wp:term":[{"taxonomy":"category","embeddable":true,"href":"https:\/\/www.riogrande.rs.gov.br\/smed\/index.php?rest_route=%2Fwp%2Fv2%2Fcategories&post=22016"},{"taxonomy":"post_tag","embeddable":true,"href":"https:\/\/www.riogrande.rs.gov.br\/smed\/index.php?rest_route=%2Fwp%2Fv2%2Ftags&post=22016"}],"curies":[{"name":"wp","href":"https:\/\/api.w.org\/{rel}","templated":true}]}}