{"id":22013,"date":"2017-06-22T16:51:00","date_gmt":"2017-06-22T19:51:00","guid":{"rendered":"http:\/\/www.riogrande.rs.gov.br\/smed\/?p=22013"},"modified":"2017-06-22T16:51:00","modified_gmt":"2017-06-22T19:51:00","slug":"arraial-da-emef-viriato-correa-acontecera-no-dia-24","status":"publish","type":"post","link":"https:\/\/www.riogrande.rs.gov.br\/smed\/?p=22013","title":{"rendered":"\u201cArraial\u201d da EMEF Viriato Corr\u00eaa acontecer\u00e1 no dia 24"},"content":{"rendered":"<div id=\"attachment_22014\" style=\"width: 495px\" class=\"wp-caption aligncenter\"><a href=\"http:\/\/www.riogrande.rs.gov.br\/smed\/wp-content\/uploads\/2017\/06\/20170622-ped-viriato-image1.jpg\" rel=\"lightbox[22013]\"><img loading=\"lazy\" decoding=\"async\" aria-describedby=\"caption-attachment-22014\" class=\"size-medium wp-image-22014\" src=\"http:\/\/www.riogrande.rs.gov.br\/smed\/wp-content\/uploads\/2017\/06\/20170622-ped-viriato-image1-485x344.jpg\" alt=\"\" width=\"485\" height=\"344\" srcset=\"https:\/\/www.riogrande.rs.gov.br\/smed\/wp-content\/uploads\/2017\/06\/20170622-ped-viriato-image1-485x344.jpg 485w, https:\/\/www.riogrande.rs.gov.br\/smed\/wp-content\/uploads\/2017\/06\/20170622-ped-viriato-image1-768x545.jpg 768w, https:\/\/www.riogrande.rs.gov.br\/smed\/wp-content\/uploads\/2017\/06\/20170622-ped-viriato-image1-292x207.jpg 292w, https:\/\/www.riogrande.rs.gov.br\/smed\/wp-content\/uploads\/2017\/06\/20170622-ped-viriato-image1.jpg 800w\" sizes=\"(max-width: 485px) 100vw, 485px\" \/><\/a><p id=\"caption-attachment-22014\" class=\"wp-caption-text\">Divulga\u00e7\u00e3o<\/p><\/div>\n<p style=\"text-align: right;\"><em>SMEd<\/em><br \/>\n<em> Roberton Reis<\/em><br \/>\n<em> Com informa\u00e7\u00f5es da EMEF Viriato Corr\u00eaa<\/em><\/p>\n","protected":false},"excerpt":{"rendered":"<p>SMEd Roberton Reis Com informa\u00e7\u00f5es da EMEF Viriato Corr\u00eaa<\/p>\n","protected":false},"author":7,"featured_media":0,"comment_status":"closed","ping_status":"closed","sticky":false,"template":"","format":"standard","meta":{"footnotes":""},"categories":[1,13],"tags":[],"class_list":["post-22013","post","type-post","status-publish","format-standard","hentry","category-noticias","category-pedagogico"],"_links":{"self":[{"href":"https:\/\/www.riogrande.rs.gov.br\/smed\/index.php?rest_route=\/wp\/v2\/posts\/22013"}],"collection":[{"href":"https:\/\/www.riogrande.rs.gov.br\/smed\/index.php?rest_route=\/wp\/v2\/posts"}],"about":[{"href":"https:\/\/www.riogrande.rs.gov.br\/smed\/index.php?rest_route=\/wp\/v2\/types\/post"}],"author":[{"embeddable":true,"href":"https:\/\/www.riogrande.rs.gov.br\/smed\/index.php?rest_route=\/wp\/v2\/users\/7"}],"replies":[{"embeddable":true,"href":"https:\/\/www.riogrande.rs.gov.br\/smed\/index.php?rest_route=%2Fwp%2Fv2%2Fcomments&post=22013"}],"version-history":[{"count":1,"href":"https:\/\/www.riogrande.rs.gov.br\/smed\/index.php?rest_route=\/wp\/v2\/posts\/22013\/revisions"}],"predecessor-version":[{"id":22015,"href":"https:\/\/www.riogrande.rs.gov.br\/smed\/index.php?rest_route=\/wp\/v2\/posts\/22013\/revisions\/22015"}],"wp:attachment":[{"href":"https:\/\/www.riogrande.rs.gov.br\/smed\/index.php?rest_route=%2Fwp%2Fv2%2Fmedia&parent=22013"}],"wp:term":[{"taxonomy":"category","embeddable":true,"href":"https:\/\/www.riogrande.rs.gov.br\/smed\/index.php?rest_route=%2Fwp%2Fv2%2Fcategories&post=22013"},{"taxonomy":"post_tag","embeddable":true,"href":"https:\/\/www.riogrande.rs.gov.br\/smed\/index.php?rest_route=%2Fwp%2Fv2%2Ftags&post=22013"}],"curies":[{"name":"wp","href":"https:\/\/api.w.org\/{rel}","templated":true}]}}