{"id":22004,"date":"2017-06-21T16:52:36","date_gmt":"2017-06-21T19:52:36","guid":{"rendered":"http:\/\/www.riogrande.rs.gov.br\/smed\/?p=22004"},"modified":"2017-06-21T16:52:36","modified_gmt":"2017-06-21T19:52:36","slug":"smed-promove-2o-encontro-do-seminario-costurando-historias-e-memorias-patrimoniais-rio-grande-280-anos-nesta-quinta-feira-22","status":"publish","type":"post","link":"https:\/\/www.riogrande.rs.gov.br\/smed\/?p=22004","title":{"rendered":"SMEd promove 2\u00ba Encontro do Semin\u00e1rio \u201cCosturando Hist\u00f3rias e Mem\u00f3rias Patrimoniais: Rio Grande 280 Anos\u201d nesta quinta-feira, 22"},"content":{"rendered":"<p style=\"text-align: justify;\">Nesta quinta-feira, dia <b>22 de junho<\/b>, \u00e0s <b>8h30min<\/b>, a Secretaria de Munic\u00edpio da Educa\u00e7\u00e3o, atrav\u00e9s da parceria entre os N\u00facleos dos Anos Finais, de Educa\u00e7\u00e3o Ambiental e Patrimonial e da Assessoria \u00c9tnico-Racial, promover\u00e1, no Audit\u00f3rio da Escola Municipal de Ensino Fundamental <b>Cipriano Porto Alegre<\/b>, o Segundo Encontro do Semin\u00e1rio \u201c<b>Costurando Hist\u00f3rias e Mem\u00f3rias Patrimoniais: Rio Grande 280 anos<\/b>\u201d.<\/p>\n<p style=\"text-align: right;\"><i>SMEd<\/i><\/p>\n","protected":false},"excerpt":{"rendered":"<p>Nesta quinta-feira, dia 22 de junho, \u00e0s 8h30min, a Secretaria de Munic\u00edpio da Educa\u00e7\u00e3o, atrav\u00e9s da parceria entre os N\u00facleos dos Anos Finais, de Educa\u00e7\u00e3o Ambiental e Patrimonial e da Assessoria \u00c9tnico-Racial, promover\u00e1, no Audit\u00f3rio da Escola Municipal de Ensino Fundamental Cipriano Porto Alegre, o Segundo Encontro do Semin\u00e1rio \u201cCosturando Hist\u00f3rias e Mem\u00f3rias Patrimoniais: Rio [&hellip;]<\/p>\n","protected":false},"author":7,"featured_media":0,"comment_status":"closed","ping_status":"closed","sticky":false,"template":"","format":"standard","meta":{"footnotes":""},"categories":[45,1,13],"tags":[],"class_list":["post-22004","post","type-post","status-publish","format-standard","hentry","category-280anosriogrande","category-noticias","category-pedagogico"],"_links":{"self":[{"href":"https:\/\/www.riogrande.rs.gov.br\/smed\/index.php?rest_route=\/wp\/v2\/posts\/22004"}],"collection":[{"href":"https:\/\/www.riogrande.rs.gov.br\/smed\/index.php?rest_route=\/wp\/v2\/posts"}],"about":[{"href":"https:\/\/www.riogrande.rs.gov.br\/smed\/index.php?rest_route=\/wp\/v2\/types\/post"}],"author":[{"embeddable":true,"href":"https:\/\/www.riogrande.rs.gov.br\/smed\/index.php?rest_route=\/wp\/v2\/users\/7"}],"replies":[{"embeddable":true,"href":"https:\/\/www.riogrande.rs.gov.br\/smed\/index.php?rest_route=%2Fwp%2Fv2%2Fcomments&post=22004"}],"version-history":[{"count":1,"href":"https:\/\/www.riogrande.rs.gov.br\/smed\/index.php?rest_route=\/wp\/v2\/posts\/22004\/revisions"}],"predecessor-version":[{"id":22005,"href":"https:\/\/www.riogrande.rs.gov.br\/smed\/index.php?rest_route=\/wp\/v2\/posts\/22004\/revisions\/22005"}],"wp:attachment":[{"href":"https:\/\/www.riogrande.rs.gov.br\/smed\/index.php?rest_route=%2Fwp%2Fv2%2Fmedia&parent=22004"}],"wp:term":[{"taxonomy":"category","embeddable":true,"href":"https:\/\/www.riogrande.rs.gov.br\/smed\/index.php?rest_route=%2Fwp%2Fv2%2Fcategories&post=22004"},{"taxonomy":"post_tag","embeddable":true,"href":"https:\/\/www.riogrande.rs.gov.br\/smed\/index.php?rest_route=%2Fwp%2Fv2%2Ftags&post=22004"}],"curies":[{"name":"wp","href":"https:\/\/api.w.org\/{rel}","templated":true}]}}