{"id":21995,"date":"2017-06-21T15:49:57","date_gmt":"2017-06-21T18:49:57","guid":{"rendered":"http:\/\/www.riogrande.rs.gov.br\/smed\/?p=21995"},"modified":"2017-06-21T16:54:01","modified_gmt":"2017-06-21T19:54:01","slug":"smed-promovera-reuniao-com-coordenadores-orientadores-e-supervisores-da-educacao-infantil-no-dia-22","status":"publish","type":"post","link":"https:\/\/www.riogrande.rs.gov.br\/smed\/?p=21995","title":{"rendered":"SMEd promover\u00e1 reuni\u00e3o com Coordenadores, Orientadores e Supervisores da Educa\u00e7\u00e3o Infantil no dia 22"},"content":{"rendered":"<p style=\"text-align: justify;\">A Secretaria de Munic\u00edpio da Educa\u00e7\u00e3o de Rio Grande (SMEd), atrav\u00e9s dos N\u00facleos de Orienta\u00e7\u00e3o e Supervis\u00e3o e de Educa\u00e7\u00e3o Infantil, realizar\u00e1, na pr\u00f3xima quinta-feira, dia <b>22 de junho<\/b>, \u00e0s <b>13h30min<\/b>, na <strong>Sala 406<\/strong> do <strong>Hospital Universit\u00e1rio Dr. Miguel Riet Corr\u00eaa Jr<\/strong>., que est\u00e1 localizado na <strong>rua Visconde de Paranagu\u00e1, n\u00ba 102<\/strong>, Centro, reuni\u00e3o com os Coordenadores, Orientadores e Supervisores da Educa\u00e7\u00e3o Infantil, que atuam nas escolas da rede p\u00fablica municipal de ensino.<\/p>\n<p style=\"text-align: right;\"><em>SMEd<\/em><br \/>\n<em> Roberton Reis<\/em><\/p>\n","protected":false},"excerpt":{"rendered":"<p>A Secretaria de Munic\u00edpio da Educa\u00e7\u00e3o de Rio Grande (SMEd), atrav\u00e9s dos N\u00facleos de Orienta\u00e7\u00e3o e Supervis\u00e3o e de Educa\u00e7\u00e3o Infantil, realizar\u00e1, na pr\u00f3xima quinta-feira, dia 22 de junho, \u00e0s 13h30min, na Sala 406 do Hospital Universit\u00e1rio Dr. Miguel Riet Corr\u00eaa Jr., que est\u00e1 localizado na rua Visconde de Paranagu\u00e1, n\u00ba 102, Centro, reuni\u00e3o com [&hellip;]<\/p>\n","protected":false},"author":7,"featured_media":0,"comment_status":"closed","ping_status":"closed","sticky":false,"template":"","format":"standard","meta":{"footnotes":""},"categories":[1,13],"tags":[],"class_list":["post-21995","post","type-post","status-publish","format-standard","hentry","category-noticias","category-pedagogico"],"_links":{"self":[{"href":"https:\/\/www.riogrande.rs.gov.br\/smed\/index.php?rest_route=\/wp\/v2\/posts\/21995"}],"collection":[{"href":"https:\/\/www.riogrande.rs.gov.br\/smed\/index.php?rest_route=\/wp\/v2\/posts"}],"about":[{"href":"https:\/\/www.riogrande.rs.gov.br\/smed\/index.php?rest_route=\/wp\/v2\/types\/post"}],"author":[{"embeddable":true,"href":"https:\/\/www.riogrande.rs.gov.br\/smed\/index.php?rest_route=\/wp\/v2\/users\/7"}],"replies":[{"embeddable":true,"href":"https:\/\/www.riogrande.rs.gov.br\/smed\/index.php?rest_route=%2Fwp%2Fv2%2Fcomments&post=21995"}],"version-history":[{"count":3,"href":"https:\/\/www.riogrande.rs.gov.br\/smed\/index.php?rest_route=\/wp\/v2\/posts\/21995\/revisions"}],"predecessor-version":[{"id":22006,"href":"https:\/\/www.riogrande.rs.gov.br\/smed\/index.php?rest_route=\/wp\/v2\/posts\/21995\/revisions\/22006"}],"wp:attachment":[{"href":"https:\/\/www.riogrande.rs.gov.br\/smed\/index.php?rest_route=%2Fwp%2Fv2%2Fmedia&parent=21995"}],"wp:term":[{"taxonomy":"category","embeddable":true,"href":"https:\/\/www.riogrande.rs.gov.br\/smed\/index.php?rest_route=%2Fwp%2Fv2%2Fcategories&post=21995"},{"taxonomy":"post_tag","embeddable":true,"href":"https:\/\/www.riogrande.rs.gov.br\/smed\/index.php?rest_route=%2Fwp%2Fv2%2Ftags&post=21995"}],"curies":[{"name":"wp","href":"https:\/\/api.w.org\/{rel}","templated":true}]}}