{"id":21984,"date":"2017-06-21T15:37:31","date_gmt":"2017-06-21T18:37:31","guid":{"rendered":"http:\/\/www.riogrande.rs.gov.br\/smed\/?p=21984"},"modified":"2017-06-21T15:37:31","modified_gmt":"2017-06-21T18:37:31","slug":"patrimonio-historico-e-generos-textuais-e-tema-de-oficina-na-emef-sao-miguel","status":"publish","type":"post","link":"https:\/\/www.riogrande.rs.gov.br\/smed\/?p=21984","title":{"rendered":"\u201cPatrim\u00f4nio Hist\u00f3rico e G\u00eaneros Textuais\u201d \u00e9 tema de Oficina na EMEF S\u00e3o Miguel"},"content":{"rendered":"\n\t\t<style type=\"text\/css\">\n\t\t\t#gallery-1 {\n\t\t\t\tmargin: auto;\n\t\t\t}\n\t\t\t#gallery-1 .gallery-item {\n\t\t\t\tfloat: left;\n\t\t\t\tmargin-top: 10px;\n\t\t\t\ttext-align: center;\n\t\t\t\twidth: 33%;\n\t\t\t}\n\t\t\t#gallery-1 img {\n\t\t\t\tborder: 2px solid #cfcfcf;\n\t\t\t}\n\t\t\t#gallery-1 .gallery-caption {\n\t\t\t\tmargin-left: 0;\n\t\t\t}\n\t\t\t\/* see gallery_shortcode() in wp-includes\/media.php *\/\n\t\t<\/style>\n\t\t<div id='gallery-1' class='gallery galleryid-21984 gallery-columns-3 gallery-size-thumbnail'><dl class='gallery-item'>\n\t\t\t<dt class='gallery-icon landscape'>\n\t\t\t\t<a href='https:\/\/www.riogrande.rs.gov.br\/smed\/wp-content\/uploads\/2017\/06\/20170621-ped-generos-image1.jpg' rel=\"lightbox[21984]\"><img loading=\"lazy\" decoding=\"async\" width=\"150\" height=\"150\" src=\"https:\/\/www.riogrande.rs.gov.br\/smed\/wp-content\/uploads\/2017\/06\/20170621-ped-generos-image1-150x150.jpg\" class=\"attachment-thumbnail size-thumbnail\" alt=\"\" aria-describedby=\"gallery-1-21985\" \/><\/a>\n\t\t\t<\/dt>\n\t\t\t\t<dd class='wp-caption-text gallery-caption' id='gallery-1-21985'>\n\t\t\t\tDivulga\u00e7\u00e3o\n\t\t\t\t<\/dd><\/dl><dl class='gallery-item'>\n\t\t\t<dt class='gallery-icon landscape'>\n\t\t\t\t<a href='https:\/\/www.riogrande.rs.gov.br\/smed\/wp-content\/uploads\/2017\/06\/20170621-ped-generos-image2.jpg' rel=\"lightbox[21984]\"><img loading=\"lazy\" decoding=\"async\" width=\"150\" height=\"150\" src=\"https:\/\/www.riogrande.rs.gov.br\/smed\/wp-content\/uploads\/2017\/06\/20170621-ped-generos-image2-150x150.jpg\" class=\"attachment-thumbnail size-thumbnail\" alt=\"\" aria-describedby=\"gallery-1-21986\" \/><\/a>\n\t\t\t<\/dt>\n\t\t\t\t<dd class='wp-caption-text gallery-caption' id='gallery-1-21986'>\n\t\t\t\tDivulga\u00e7\u00e3o\n\t\t\t\t<\/dd><\/dl><dl class='gallery-item'>\n\t\t\t<dt class='gallery-icon landscape'>\n\t\t\t\t<a href='https:\/\/www.riogrande.rs.gov.br\/smed\/wp-content\/uploads\/2017\/06\/20170621-ped-generos-image3.jpg' rel=\"lightbox[21984]\"><img loading=\"lazy\" decoding=\"async\" width=\"150\" height=\"150\" src=\"https:\/\/www.riogrande.rs.gov.br\/smed\/wp-content\/uploads\/2017\/06\/20170621-ped-generos-image3-150x150.jpg\" class=\"attachment-thumbnail size-thumbnail\" alt=\"\" aria-describedby=\"gallery-1-21987\" \/><\/a>\n\t\t\t<\/dt>\n\t\t\t\t<dd class='wp-caption-text gallery-caption' id='gallery-1-21987'>\n\t\t\t\tDivulga\u00e7\u00e3o\n\t\t\t\t<\/dd><\/dl><br style=\"clear: both\" \/><dl class='gallery-item'>\n\t\t\t<dt class='gallery-icon landscape'>\n\t\t\t\t<a href='https:\/\/www.riogrande.rs.gov.br\/smed\/wp-content\/uploads\/2017\/06\/20170621-ped-generos-image4.jpg' rel=\"lightbox[21984]\"><img loading=\"lazy\" decoding=\"async\" width=\"150\" height=\"150\" src=\"https:\/\/www.riogrande.rs.gov.br\/smed\/wp-content\/uploads\/2017\/06\/20170621-ped-generos-image4-150x150.jpg\" class=\"attachment-thumbnail size-thumbnail\" alt=\"\" aria-describedby=\"gallery-1-21988\" \/><\/a>\n\t\t\t<\/dt>\n\t\t\t\t<dd class='wp-caption-text gallery-caption' id='gallery-1-21988'>\n\t\t\t\tDivulga\u00e7\u00e3o\n\t\t\t\t<\/dd><\/dl><dl class='gallery-item'>\n\t\t\t<dt class='gallery-icon portrait'>\n\t\t\t\t<a href='https:\/\/www.riogrande.rs.gov.br\/smed\/wp-content\/uploads\/2017\/06\/20170621-ped-generos-image5.jpg' rel=\"lightbox[21984]\"><img loading=\"lazy\" decoding=\"async\" width=\"150\" height=\"150\" src=\"https:\/\/www.riogrande.rs.gov.br\/smed\/wp-content\/uploads\/2017\/06\/20170621-ped-generos-image5-150x150.jpg\" class=\"attachment-thumbnail size-thumbnail\" alt=\"\" aria-describedby=\"gallery-1-21989\" \/><\/a>\n\t\t\t<\/dt>\n\t\t\t\t<dd class='wp-caption-text gallery-caption' id='gallery-1-21989'>\n\t\t\t\tDivulga\u00e7\u00e3o\n\t\t\t\t<\/dd><\/dl><dl class='gallery-item'>\n\t\t\t<dt class='gallery-icon landscape'>\n\t\t\t\t<a href='https:\/\/www.riogrande.rs.gov.br\/smed\/wp-content\/uploads\/2017\/06\/20170621-ped-generos-image6.jpg' rel=\"lightbox[21984]\"><img loading=\"lazy\" decoding=\"async\" width=\"150\" height=\"150\" src=\"https:\/\/www.riogrande.rs.gov.br\/smed\/wp-content\/uploads\/2017\/06\/20170621-ped-generos-image6-150x150.jpg\" class=\"attachment-thumbnail size-thumbnail\" alt=\"\" aria-describedby=\"gallery-1-21990\" \/><\/a>\n\t\t\t<\/dt>\n\t\t\t\t<dd class='wp-caption-text gallery-caption' id='gallery-1-21990'>\n\t\t\t\tDivulga\u00e7\u00e3o\n\t\t\t\t<\/dd><\/dl><br style=\"clear: both\" \/>\n\t\t<\/div>\n\n<p style=\"text-align: justify;\">No dia <b>14 de junho<\/b>, nos turnos da manh\u00e3 e tarde, o <b>Projeto \u201cEscritas pelo Rio Grande &#8211; uma cidade para se amar<\/b>\u201d realizou mais uma Oficina sobre \u201c<b>Patrim\u00f4nio Hist\u00f3rico e \u00a0G\u00eaneros Textuais<\/b>\u201d com alunos das escolas da rede p\u00fablica municipal de ensino. Desta vez, a atividade foi com as turmas dos 3\u00ba e 4\u00ba Anos da Escola Municipal de Ensino Fundamental <b>S\u00e3o Miguel<\/b>.<\/p>\n<p style=\"text-align: justify;\"><!--more--><\/p>\n<p style=\"text-align: justify;\">\n<p style=\"text-align: justify;\">Na parte da manh\u00e3, os participantes foram os estudantes das turmas dos 4\u00ba \u00a0Anos. A partir \u00a0da Palestra sobre o Patrim\u00f4nio Hist\u00f3rico da \u00a0Cidade, organizou-se a Oficina sobre o G\u00eanero Textual &#8220;<i>Folder<\/i>&#8220;. As turmas mantiveram-se envolvidas, criando <i>slogans<\/i> sobre nossa cidade e elaborando textos informativos sobre os Pr\u00e9dios Hist\u00f3ricos da nossa cidade.<\/p>\n<p style=\"text-align: justify;\">\u00c0 tarde, tamb\u00e9m ap\u00f3s a exposi\u00e7\u00e3o sobre o Patrim\u00f4nio Hist\u00f3rico, as turmas dos 3\u00ba Anos criaram um Texto Coletivo, abrangendo v\u00e1rios Pontos Tur\u00edsticos da Cidade, \u00a0assim como seus Pr\u00e9dios Hist\u00f3ricos.<\/p>\n<p style=\"text-align: justify;\">Esta \u00e9 mais uma a\u00e7\u00e3o que envolve estudantes da rede municipal, com o objetivo de fomentar atividades que comp\u00f5em \u00a0o Projeto relativo aos \u201c<b>280 anos de funda\u00e7\u00e3o da cidade do Rio Grande: Escritas pelo Rio Grande &#8211; uma cidade para se amar<\/b>&#8220;.<\/p>\n<p style=\"text-align: right;\"><em>SMEd<\/em><br \/>\n<em> Roberton Reis<\/em><\/p>\n","protected":false},"excerpt":{"rendered":"<p>No dia 14 de junho, nos turnos da manh\u00e3 e tarde, o Projeto \u201cEscritas pelo Rio Grande &#8211; uma cidade para se amar\u201d realizou mais uma Oficina sobre \u201cPatrim\u00f4nio Hist\u00f3rico e \u00a0G\u00eaneros Textuais\u201d com alunos das escolas da rede p\u00fablica municipal de ensino. Desta vez, a atividade foi com as turmas dos 3\u00ba e 4\u00ba [&hellip;]<\/p>\n","protected":false},"author":7,"featured_media":0,"comment_status":"closed","ping_status":"closed","sticky":false,"template":"","format":"standard","meta":{"footnotes":""},"categories":[45,1,13],"tags":[],"class_list":["post-21984","post","type-post","status-publish","format-standard","hentry","category-280anosriogrande","category-noticias","category-pedagogico"],"_links":{"self":[{"href":"https:\/\/www.riogrande.rs.gov.br\/smed\/index.php?rest_route=\/wp\/v2\/posts\/21984"}],"collection":[{"href":"https:\/\/www.riogrande.rs.gov.br\/smed\/index.php?rest_route=\/wp\/v2\/posts"}],"about":[{"href":"https:\/\/www.riogrande.rs.gov.br\/smed\/index.php?rest_route=\/wp\/v2\/types\/post"}],"author":[{"embeddable":true,"href":"https:\/\/www.riogrande.rs.gov.br\/smed\/index.php?rest_route=\/wp\/v2\/users\/7"}],"replies":[{"embeddable":true,"href":"https:\/\/www.riogrande.rs.gov.br\/smed\/index.php?rest_route=%2Fwp%2Fv2%2Fcomments&post=21984"}],"version-history":[{"count":1,"href":"https:\/\/www.riogrande.rs.gov.br\/smed\/index.php?rest_route=\/wp\/v2\/posts\/21984\/revisions"}],"predecessor-version":[{"id":21991,"href":"https:\/\/www.riogrande.rs.gov.br\/smed\/index.php?rest_route=\/wp\/v2\/posts\/21984\/revisions\/21991"}],"wp:attachment":[{"href":"https:\/\/www.riogrande.rs.gov.br\/smed\/index.php?rest_route=%2Fwp%2Fv2%2Fmedia&parent=21984"}],"wp:term":[{"taxonomy":"category","embeddable":true,"href":"https:\/\/www.riogrande.rs.gov.br\/smed\/index.php?rest_route=%2Fwp%2Fv2%2Fcategories&post=21984"},{"taxonomy":"post_tag","embeddable":true,"href":"https:\/\/www.riogrande.rs.gov.br\/smed\/index.php?rest_route=%2Fwp%2Fv2%2Ftags&post=21984"}],"curies":[{"name":"wp","href":"https:\/\/api.w.org\/{rel}","templated":true}]}}