{"id":21981,"date":"2017-06-21T15:33:00","date_gmt":"2017-06-21T18:33:00","guid":{"rendered":"http:\/\/www.riogrande.rs.gov.br\/smed\/?p=21981"},"modified":"2017-06-21T15:33:00","modified_gmt":"2017-06-21T18:33:00","slug":"emef-ana-neria-realizara-festa-junina-no-dia-24","status":"publish","type":"post","link":"https:\/\/www.riogrande.rs.gov.br\/smed\/?p=21981","title":{"rendered":"EMEF Ana Neria realizar\u00e1 \u201cFesta Junina\u201d no dia 24"},"content":{"rendered":"<div id=\"attachment_21982\" style=\"width: 495px\" class=\"wp-caption aligncenter\"><a href=\"http:\/\/www.riogrande.rs.gov.br\/smed\/wp-content\/uploads\/2017\/06\/20170621-ped-ana-image1.jpg\" rel=\"lightbox[21981]\"><img loading=\"lazy\" decoding=\"async\" aria-describedby=\"caption-attachment-21982\" class=\"size-medium wp-image-21982\" src=\"http:\/\/www.riogrande.rs.gov.br\/smed\/wp-content\/uploads\/2017\/06\/20170621-ped-ana-image1-485x485.jpg\" alt=\"\" width=\"485\" height=\"485\" srcset=\"https:\/\/www.riogrande.rs.gov.br\/smed\/wp-content\/uploads\/2017\/06\/20170621-ped-ana-image1-485x485.jpg 485w, https:\/\/www.riogrande.rs.gov.br\/smed\/wp-content\/uploads\/2017\/06\/20170621-ped-ana-image1-150x150.jpg 150w, https:\/\/www.riogrande.rs.gov.br\/smed\/wp-content\/uploads\/2017\/06\/20170621-ped-ana-image1-768x768.jpg 768w, https:\/\/www.riogrande.rs.gov.br\/smed\/wp-content\/uploads\/2017\/06\/20170621-ped-ana-image1-207x207.jpg 207w, https:\/\/www.riogrande.rs.gov.br\/smed\/wp-content\/uploads\/2017\/06\/20170621-ped-ana-image1.jpg 800w\" sizes=\"(max-width: 485px) 100vw, 485px\" \/><\/a><p id=\"caption-attachment-21982\" class=\"wp-caption-text\">Divulga\u00e7\u00e3o<\/p><\/div>\n<p style=\"text-align: justify;\">\n<p style=\"text-align: justify;\">A Escola Municipal de Ensino Fundamental <b>Ana Neri<\/b>, que est\u00e1 localizada no bairro Bolaxa, realizar\u00e1, no pr\u00f3ximo s\u00e1bado, dia <b>24 de junho<\/b>, \u00e0s <b>14h30min<\/b>, a sua \u201c<b>Festa Junina<\/b>\u201d, que contar\u00e1 com apresenta\u00e7\u00f5es art\u00edsticas, m\u00fasica, brincadeiras, brech\u00f3 e comidas t\u00edpicas.<\/p>\n<p>&nbsp;<\/p>\n<p style=\"text-align: right;\"><em>SMEd<\/em><br \/>\n<em> Roberton Reis<\/em><br \/>\n<em> Com informa\u00e7\u00f5es da EMEF Ana Neri<\/em><\/p>\n","protected":false},"excerpt":{"rendered":"<p>A Escola Municipal de Ensino Fundamental Ana Neri, que est\u00e1 localizada no bairro Bolaxa, realizar\u00e1, no pr\u00f3ximo s\u00e1bado, dia 24 de junho, \u00e0s 14h30min, a sua \u201cFesta Junina\u201d, que contar\u00e1 com apresenta\u00e7\u00f5es art\u00edsticas, m\u00fasica, brincadeiras, brech\u00f3 e comidas t\u00edpicas. &nbsp; SMEd Roberton Reis Com informa\u00e7\u00f5es da EMEF Ana Neri<\/p>\n","protected":false},"author":7,"featured_media":0,"comment_status":"closed","ping_status":"closed","sticky":false,"template":"","format":"standard","meta":{"footnotes":""},"categories":[1,13],"tags":[],"class_list":["post-21981","post","type-post","status-publish","format-standard","hentry","category-noticias","category-pedagogico"],"_links":{"self":[{"href":"https:\/\/www.riogrande.rs.gov.br\/smed\/index.php?rest_route=\/wp\/v2\/posts\/21981"}],"collection":[{"href":"https:\/\/www.riogrande.rs.gov.br\/smed\/index.php?rest_route=\/wp\/v2\/posts"}],"about":[{"href":"https:\/\/www.riogrande.rs.gov.br\/smed\/index.php?rest_route=\/wp\/v2\/types\/post"}],"author":[{"embeddable":true,"href":"https:\/\/www.riogrande.rs.gov.br\/smed\/index.php?rest_route=\/wp\/v2\/users\/7"}],"replies":[{"embeddable":true,"href":"https:\/\/www.riogrande.rs.gov.br\/smed\/index.php?rest_route=%2Fwp%2Fv2%2Fcomments&post=21981"}],"version-history":[{"count":1,"href":"https:\/\/www.riogrande.rs.gov.br\/smed\/index.php?rest_route=\/wp\/v2\/posts\/21981\/revisions"}],"predecessor-version":[{"id":21983,"href":"https:\/\/www.riogrande.rs.gov.br\/smed\/index.php?rest_route=\/wp\/v2\/posts\/21981\/revisions\/21983"}],"wp:attachment":[{"href":"https:\/\/www.riogrande.rs.gov.br\/smed\/index.php?rest_route=%2Fwp%2Fv2%2Fmedia&parent=21981"}],"wp:term":[{"taxonomy":"category","embeddable":true,"href":"https:\/\/www.riogrande.rs.gov.br\/smed\/index.php?rest_route=%2Fwp%2Fv2%2Fcategories&post=21981"},{"taxonomy":"post_tag","embeddable":true,"href":"https:\/\/www.riogrande.rs.gov.br\/smed\/index.php?rest_route=%2Fwp%2Fv2%2Ftags&post=21981"}],"curies":[{"name":"wp","href":"https:\/\/api.w.org\/{rel}","templated":true}]}}