{"id":21973,"date":"2017-06-20T17:16:43","date_gmt":"2017-06-20T20:16:43","guid":{"rendered":"http:\/\/www.riogrande.rs.gov.br\/smed\/?p=21973"},"modified":"2017-06-21T16:43:08","modified_gmt":"2017-06-21T19:43:08","slug":"segunda-etapa-das-obras-da-escola-eliezer-de-carvalho-foi-entregue-hoje-20-no-cassino","status":"publish","type":"post","link":"https:\/\/www.riogrande.rs.gov.br\/smed\/?p=21973","title":{"rendered":"SEGUNDA ETAPA DAS OBRAS DA ESCOLA ELI\u00c9ZER DE CARVALHO FOI ENTREGUE HOJE (20), NO CASSINO"},"content":{"rendered":"\n\t\t<style type=\"text\/css\">\n\t\t\t#gallery-1 {\n\t\t\t\tmargin: auto;\n\t\t\t}\n\t\t\t#gallery-1 .gallery-item {\n\t\t\t\tfloat: left;\n\t\t\t\tmargin-top: 10px;\n\t\t\t\ttext-align: center;\n\t\t\t\twidth: 50%;\n\t\t\t}\n\t\t\t#gallery-1 img {\n\t\t\t\tborder: 2px solid #cfcfcf;\n\t\t\t}\n\t\t\t#gallery-1 .gallery-caption {\n\t\t\t\tmargin-left: 0;\n\t\t\t}\n\t\t\t\/* see gallery_shortcode() in wp-includes\/media.php *\/\n\t\t<\/style>\n\t\t<div id='gallery-1' class='gallery galleryid-21973 gallery-columns-2 gallery-size-thumbnail'><dl class='gallery-item'>\n\t\t\t<dt class='gallery-icon landscape'>\n\t\t\t\t<a href='https:\/\/www.riogrande.rs.gov.br\/smed\/wp-content\/uploads\/2017\/06\/FB_IMG_1498073177420.jpg' rel=\"lightbox[21973]\"><img loading=\"lazy\" decoding=\"async\" width=\"150\" height=\"150\" src=\"https:\/\/www.riogrande.rs.gov.br\/smed\/wp-content\/uploads\/2017\/06\/FB_IMG_1498073177420-150x150.jpg\" class=\"attachment-thumbnail size-thumbnail\" alt=\"\" aria-describedby=\"gallery-1-21998\" \/><\/a>\n\t\t\t<\/dt>\n\t\t\t\t<dd class='wp-caption-text gallery-caption' id='gallery-1-21998'>\n\t\t\t\tDivulga\u00e7\u00e3o\n\t\t\t\t<\/dd><\/dl><dl class='gallery-item'>\n\t\t\t<dt class='gallery-icon landscape'>\n\t\t\t\t<a href='https:\/\/www.riogrande.rs.gov.br\/smed\/wp-content\/uploads\/2017\/06\/FB_IMG_1498073183620.jpg' rel=\"lightbox[21973]\"><img loading=\"lazy\" decoding=\"async\" width=\"150\" height=\"150\" src=\"https:\/\/www.riogrande.rs.gov.br\/smed\/wp-content\/uploads\/2017\/06\/FB_IMG_1498073183620-150x150.jpg\" class=\"attachment-thumbnail size-thumbnail\" alt=\"\" aria-describedby=\"gallery-1-22001\" \/><\/a>\n\t\t\t<\/dt>\n\t\t\t\t<dd class='wp-caption-text gallery-caption' id='gallery-1-22001'>\n\t\t\t\tDivulga\u00e7\u00e3o\n\t\t\t\t<\/dd><\/dl><br style=\"clear: both\" \/><dl class='gallery-item'>\n\t\t\t<dt class='gallery-icon landscape'>\n\t\t\t\t<a href='https:\/\/www.riogrande.rs.gov.br\/smed\/wp-content\/uploads\/2017\/06\/FB_IMG_1498073180878.jpg' rel=\"lightbox[21973]\"><img loading=\"lazy\" decoding=\"async\" width=\"150\" height=\"150\" src=\"https:\/\/www.riogrande.rs.gov.br\/smed\/wp-content\/uploads\/2017\/06\/FB_IMG_1498073180878-150x150.jpg\" class=\"attachment-thumbnail size-thumbnail\" alt=\"\" aria-describedby=\"gallery-1-21999\" \/><\/a>\n\t\t\t<\/dt>\n\t\t\t\t<dd class='wp-caption-text gallery-caption' id='gallery-1-21999'>\n\t\t\t\tDivulga\u00e7\u00e3o\n\t\t\t\t<\/dd><\/dl><dl class='gallery-item'>\n\t\t\t<dt class='gallery-icon landscape'>\n\t\t\t\t<a href='https:\/\/www.riogrande.rs.gov.br\/smed\/wp-content\/uploads\/2017\/06\/20170620-pmrg1.jpg' rel=\"lightbox[21973]\"><img loading=\"lazy\" decoding=\"async\" width=\"150\" height=\"150\" src=\"https:\/\/www.riogrande.rs.gov.br\/smed\/wp-content\/uploads\/2017\/06\/20170620-pmrg1-150x150.jpg\" class=\"attachment-thumbnail size-thumbnail\" alt=\"\" aria-describedby=\"gallery-1-21974\" \/><\/a>\n\t\t\t<\/dt>\n\t\t\t\t<dd class='wp-caption-text gallery-caption' id='gallery-1-21974'>\n\t\t\t\tDivulga\u00e7\u00e3o\n\t\t\t\t<\/dd><\/dl><br style=\"clear: both\" \/>\n\t\t<\/div>\n\n<p>Fonte: <a href=\"http:\/\/www.riogrande.rs.gov.br\/pagina\/index.php\/noticias\/detalhes+1479469,,segunda-etapa-das-obras-da-escola-eliezer-de-carvalho-foi-entregue-hoje-20-no-cassino.html#.WUmBEzP5SCR\" target=\"_blank\" rel=\"noopener\"><strong>www.riogrande.rs.gov.br<\/strong><\/a><\/p>\n<p class=\"sizeable\" style=\"text-align: justify;\">Na manh\u00e3 desta ter\u00e7a-feira (20), a Secretaria de Munic\u00edpio da Educa\u00e7\u00e3o (SMEd) recebeu a segunda etapa das obras da Escola Municipal de Ensino Fundamental Eliezer de Carvalho Rios, localizada no ABC IX, no Cassino. As obras foram realizadas para qualificar o sistema de \u00e1gua, esgoto e escoamento pluvial. Tamb\u00e9m foram inaugurados novos cercamentos, cal\u00e7adas, pavimenta\u00e7\u00e3o do entorno, pain\u00e9is de prote\u00e7\u00e3o contra o vento, al\u00e9m da instala\u00e7\u00e3o do Plano de Preven\u00e7\u00e3o Contra Inc\u00eandio (PPCI).<\/p>\n<p style=\"text-align: justify;\"><!--more--><\/p>\n<p class=\"sizeable\" style=\"text-align: justify;\">As a\u00e7\u00f5es tamb\u00e9m tiveram apoio das Secretarias do Cassino (SMC) e de Infraestrutura (SMI), que garantiram a drenagem pluvial com tubula\u00e7\u00e3o no acesso \u00e0 escola.<\/p>\n<p class=\"sizeable\" style=\"text-align: justify;\">O investimento de R$ 350 mil reais na execu\u00e7\u00e3o dos servi\u00e7os \u00e9 um investimento da empresa Heringer Fertilizantes, juntamente com o Banco Nacional de Desenvolvimento Econ\u00f4mico e Social (BNDES).<\/p>\n<p class=\"sizeable\" style=\"text-align: justify;\"><strong>Escola Municipal de Ensino Fundamental Eliezer de Carvalho Rios<\/strong><\/p>\n<p class=\"sizeable\" style=\"text-align: justify;\">A Escola atende cerca de 90 alunos do 1\u00ba ao 3\u00ba ano da Educa\u00e7\u00e3o Fundamental e foi uma medida apresentada pela administra\u00e7\u00e3o municipal para solucionar a falta de vagas no ensino fundamental da regi\u00e3o.<\/p>\n<p class=\"sizeable\" style=\"text-align: justify;\">A nova escola possui tr\u00eas salas de aulas, uma secretaria, um refeit\u00f3rio, dois banheiros e um p\u00e1tio amplo. Todo o espa\u00e7o foi previamente pensado para receber crian\u00e7as com necessidades especiais. A escola foi constru\u00edda de janeiro a mar\u00e7o de 2016, atrav\u00e9s de um modelo r\u00e1pido de constru\u00e7\u00e3o pr\u00e9-fabricada conhecido como \u201cFast Flex\u201d.<\/p>\n<p style=\"text-align: right;\"><em>Assessoria de Comunica\u00e7\u00e3o\/ PMRG<\/em><\/p>\n","protected":false},"excerpt":{"rendered":"<p>Fonte: www.riogrande.rs.gov.br Na manh\u00e3 desta ter\u00e7a-feira (20), a Secretaria de Munic\u00edpio da Educa\u00e7\u00e3o (SMEd) recebeu a segunda etapa das obras da Escola Municipal de Ensino Fundamental Eliezer de Carvalho Rios, localizada no ABC IX, no Cassino. As obras foram realizadas para qualificar o sistema de \u00e1gua, esgoto e escoamento pluvial. Tamb\u00e9m foram inaugurados novos cercamentos, [&hellip;]<\/p>\n","protected":false},"author":7,"featured_media":0,"comment_status":"closed","ping_status":"closed","sticky":false,"template":"","format":"standard","meta":{"footnotes":""},"categories":[1],"tags":[],"class_list":["post-21973","post","type-post","status-publish","format-standard","hentry","category-noticias"],"_links":{"self":[{"href":"https:\/\/www.riogrande.rs.gov.br\/smed\/index.php?rest_route=\/wp\/v2\/posts\/21973"}],"collection":[{"href":"https:\/\/www.riogrande.rs.gov.br\/smed\/index.php?rest_route=\/wp\/v2\/posts"}],"about":[{"href":"https:\/\/www.riogrande.rs.gov.br\/smed\/index.php?rest_route=\/wp\/v2\/types\/post"}],"author":[{"embeddable":true,"href":"https:\/\/www.riogrande.rs.gov.br\/smed\/index.php?rest_route=\/wp\/v2\/users\/7"}],"replies":[{"embeddable":true,"href":"https:\/\/www.riogrande.rs.gov.br\/smed\/index.php?rest_route=%2Fwp%2Fv2%2Fcomments&post=21973"}],"version-history":[{"count":4,"href":"https:\/\/www.riogrande.rs.gov.br\/smed\/index.php?rest_route=\/wp\/v2\/posts\/21973\/revisions"}],"predecessor-version":[{"id":22003,"href":"https:\/\/www.riogrande.rs.gov.br\/smed\/index.php?rest_route=\/wp\/v2\/posts\/21973\/revisions\/22003"}],"wp:attachment":[{"href":"https:\/\/www.riogrande.rs.gov.br\/smed\/index.php?rest_route=%2Fwp%2Fv2%2Fmedia&parent=21973"}],"wp:term":[{"taxonomy":"category","embeddable":true,"href":"https:\/\/www.riogrande.rs.gov.br\/smed\/index.php?rest_route=%2Fwp%2Fv2%2Fcategories&post=21973"},{"taxonomy":"post_tag","embeddable":true,"href":"https:\/\/www.riogrande.rs.gov.br\/smed\/index.php?rest_route=%2Fwp%2Fv2%2Ftags&post=21973"}],"curies":[{"name":"wp","href":"https:\/\/api.w.org\/{rel}","templated":true}]}}