{"id":21957,"date":"2017-06-19T16:14:52","date_gmt":"2017-06-19T19:14:52","guid":{"rendered":"http:\/\/www.riogrande.rs.gov.br\/smed\/?p=21957"},"modified":"2017-06-19T16:14:52","modified_gmt":"2017-06-19T19:14:52","slug":"smed-e-parceira-do-projeto-escola-promotora-da-igualdade-de-genero","status":"publish","type":"post","link":"https:\/\/www.riogrande.rs.gov.br\/smed\/?p=21957","title":{"rendered":"SMEd \u00e9 parceira do Projeto \u201cEscola Promotora da Igualdade de G\u00eanero\u201d"},"content":{"rendered":"<div id=\"attachment_21958\" style=\"width: 495px\" class=\"wp-caption aligncenter\"><a href=\"http:\/\/www.riogrande.rs.gov.br\/smed\/wp-content\/uploads\/2017\/06\/20170619-ped-gese-image1.jpg\" rel=\"lightbox[21957]\"><img loading=\"lazy\" decoding=\"async\" aria-describedby=\"caption-attachment-21958\" class=\"size-medium wp-image-21958\" src=\"http:\/\/www.riogrande.rs.gov.br\/smed\/wp-content\/uploads\/2017\/06\/20170619-ped-gese-image1-485x364.jpg\" alt=\"\" width=\"485\" height=\"364\" srcset=\"https:\/\/www.riogrande.rs.gov.br\/smed\/wp-content\/uploads\/2017\/06\/20170619-ped-gese-image1-485x364.jpg 485w, https:\/\/www.riogrande.rs.gov.br\/smed\/wp-content\/uploads\/2017\/06\/20170619-ped-gese-image1-768x576.jpg 768w, https:\/\/www.riogrande.rs.gov.br\/smed\/wp-content\/uploads\/2017\/06\/20170619-ped-gese-image1-276x207.jpg 276w, https:\/\/www.riogrande.rs.gov.br\/smed\/wp-content\/uploads\/2017\/06\/20170619-ped-gese-image1.jpg 800w\" sizes=\"(max-width: 485px) 100vw, 485px\" \/><\/a><p id=\"caption-attachment-21958\" class=\"wp-caption-text\">Divulga\u00e7\u00e3o<\/p><\/div>\n<p style=\"text-align: justify;\">O Projeto \u201c<b>Escola Promotora da Igualdade de G\u00eanero<\/b>\u201d, uma parceria entre o Grupo de Pesquisa Sexualidade e Escola (GESE) da FURG e a Secretaria de Munic\u00edpio da Educa\u00e7\u00e3o (SMEd), tem como objetivo apoiar as escolas das redes municipal e estadual da Educa\u00e7\u00e3o B\u00e1sica da cidade do Rio Grande, que tenham interesse em desenvolver a\u00e7\u00f5es para a promo\u00e7\u00e3o e a reflex\u00e3o acerca da igualdade e equidade dos g\u00eaneros, com vistas \u00e0 constru\u00e7\u00e3o de estrat\u00e9gias que resultem na redu\u00e7\u00e3o dos indicadores de desigualdades e, ao mesmo tempo, que busquem dar visibilidade ao tema.<\/p>\n<p style=\"text-align: justify;\"><!--more--><\/p>\n<p style=\"text-align: justify;\">\n<p style=\"text-align: justify;\">O Projeto tamb\u00e9m tem o apoio da ONU Mulheres, atrav\u00e9s do Movimento Mundial ElesPorElas (HeforSHe), que tem como objetivo envolver homens e meninos de forma global na remo\u00e7\u00e3o das barreiras sociais e culturais que impedem as mulheres de atingir seu potencial. Na pr\u00e1tica, o Movimento pretende ser uma frente multissetorial, integrada por diferentes for\u00e7as da sociedade para trabalhar em a\u00e7\u00f5es concretas e de engajamento \u00e0 igualdade de g\u00eanero, empoderamento feminino e combate a qualquer tipo de viol\u00eancia contra mulheres e meninas.<\/p>\n<p style=\"text-align: justify;\">Nesta primeira edi\u00e7\u00e3o do Projeto \u201c<b>Escola Promotora da Igualdade de G\u00eanero<\/b>\u201d est\u00e3o participando 20 escolas p\u00fablicas: EMEIs Deborah Say\u00e3o e Tia Luizinha; EMEFs Admar Corr\u00eaa, Assis Brasil, Bento Gon\u00e7alves, Cidade do Rio Grande, Dolores Garcia, Fran\u00e7a Pinto, Jo\u00e3o de Oliveira Martins, Manoel Martins Mano, Pedro Carlos Peixoto Primo, Porto Seguro, Viriato Corr\u00eaa e Zelly Pereira Esmeraldo; EMEF de Tempo Integral Valdir Castro; EMEB Carmen Regina Teixeira Baldino; EEEF Coronel Juv\u00eancio Lemos; EEEM Mascarenhas de Moraes, EEEM Lilia Neves e IFRS. Ao todo, s\u00e3o 32 professores\/as que estar\u00e3o desenvolvendo a\u00e7\u00f5es, ao longo do ano de 2017, a fim de promover a igualdade de g\u00eanero.<\/p>\n<p style=\"text-align: justify;\">No \u00faltimo dia <b>02 de junho<\/b>, a coordenadora do GESE, Prof.\u00aa Paula Ribeiro; o superintendente de Gest\u00e3o Pedag\u00f3gica da SMEd, Prof. Felipe Alonso; a representante da FURG no Movimento ElesPorElas, Maria Rozana Rodrigues; e a coordenadora do projeto \u201cEscola Promotora da Igualdade de G\u00eanero\u201d, Prof.\u00aa Juliana Lapa Riza, receberam diretores, vice-diretores, coordenadores pedag\u00f3gicos e professores, a fim de fornecer maiores informa\u00e7\u00f5es sobre o Projeto, bem como realizar a entrega da placa que confere \u00e0 escola o selo de Escola Promotora da Igualdade de G\u00eanero.<\/p>\n<p style=\"text-align: right;\"><em>SMEd<\/em><br \/>\n<em> Roberton Reis<\/em><\/p>\n","protected":false},"excerpt":{"rendered":"<p>O Projeto \u201cEscola Promotora da Igualdade de G\u00eanero\u201d, uma parceria entre o Grupo de Pesquisa Sexualidade e Escola (GESE) da FURG e a Secretaria de Munic\u00edpio da Educa\u00e7\u00e3o (SMEd), tem como objetivo apoiar as escolas das redes municipal e estadual da Educa\u00e7\u00e3o B\u00e1sica da cidade do Rio Grande, que tenham interesse em desenvolver a\u00e7\u00f5es para [&hellip;]<\/p>\n","protected":false},"author":7,"featured_media":0,"comment_status":"closed","ping_status":"closed","sticky":false,"template":"","format":"standard","meta":{"footnotes":""},"categories":[1,13],"tags":[],"class_list":["post-21957","post","type-post","status-publish","format-standard","hentry","category-noticias","category-pedagogico"],"_links":{"self":[{"href":"https:\/\/www.riogrande.rs.gov.br\/smed\/index.php?rest_route=\/wp\/v2\/posts\/21957"}],"collection":[{"href":"https:\/\/www.riogrande.rs.gov.br\/smed\/index.php?rest_route=\/wp\/v2\/posts"}],"about":[{"href":"https:\/\/www.riogrande.rs.gov.br\/smed\/index.php?rest_route=\/wp\/v2\/types\/post"}],"author":[{"embeddable":true,"href":"https:\/\/www.riogrande.rs.gov.br\/smed\/index.php?rest_route=\/wp\/v2\/users\/7"}],"replies":[{"embeddable":true,"href":"https:\/\/www.riogrande.rs.gov.br\/smed\/index.php?rest_route=%2Fwp%2Fv2%2Fcomments&post=21957"}],"version-history":[{"count":1,"href":"https:\/\/www.riogrande.rs.gov.br\/smed\/index.php?rest_route=\/wp\/v2\/posts\/21957\/revisions"}],"predecessor-version":[{"id":21959,"href":"https:\/\/www.riogrande.rs.gov.br\/smed\/index.php?rest_route=\/wp\/v2\/posts\/21957\/revisions\/21959"}],"wp:attachment":[{"href":"https:\/\/www.riogrande.rs.gov.br\/smed\/index.php?rest_route=%2Fwp%2Fv2%2Fmedia&parent=21957"}],"wp:term":[{"taxonomy":"category","embeddable":true,"href":"https:\/\/www.riogrande.rs.gov.br\/smed\/index.php?rest_route=%2Fwp%2Fv2%2Fcategories&post=21957"},{"taxonomy":"post_tag","embeddable":true,"href":"https:\/\/www.riogrande.rs.gov.br\/smed\/index.php?rest_route=%2Fwp%2Fv2%2Ftags&post=21957"}],"curies":[{"name":"wp","href":"https:\/\/api.w.org\/{rel}","templated":true}]}}