{"id":21951,"date":"2017-06-19T16:08:16","date_gmt":"2017-06-19T19:08:16","guid":{"rendered":"http:\/\/www.riogrande.rs.gov.br\/smed\/?p=21951"},"modified":"2017-06-19T16:08:16","modified_gmt":"2017-06-19T19:08:16","slug":"periodo-de-inscricoes-para-o-5o-seminario-municipal-de-diversidade-e-inclusao-inicia-no-dia-21","status":"publish","type":"post","link":"https:\/\/www.riogrande.rs.gov.br\/smed\/?p=21951","title":{"rendered":"Per\u00edodo de inscri\u00e7\u00f5es para o \u201c5\u00ba Semin\u00e1rio Municipal de Diversidade e Inclus\u00e3o\u201d inicia no dia 21"},"content":{"rendered":"<div id=\"attachment_21952\" style=\"width: 495px\" class=\"wp-caption aligncenter\"><a href=\"http:\/\/www.riogrande.rs.gov.br\/smed\/wp-content\/uploads\/2017\/06\/20170619-ped-seminario-image1.jpg\" rel=\"lightbox[21951]\"><img loading=\"lazy\" decoding=\"async\" aria-describedby=\"caption-attachment-21952\" class=\"size-medium wp-image-21952\" src=\"http:\/\/www.riogrande.rs.gov.br\/smed\/wp-content\/uploads\/2017\/06\/20170619-ped-seminario-image1-485x343.jpg\" alt=\"\" width=\"485\" height=\"343\" srcset=\"https:\/\/www.riogrande.rs.gov.br\/smed\/wp-content\/uploads\/2017\/06\/20170619-ped-seminario-image1-485x343.jpg 485w, https:\/\/www.riogrande.rs.gov.br\/smed\/wp-content\/uploads\/2017\/06\/20170619-ped-seminario-image1-768x542.jpg 768w, https:\/\/www.riogrande.rs.gov.br\/smed\/wp-content\/uploads\/2017\/06\/20170619-ped-seminario-image1-293x207.jpg 293w, https:\/\/www.riogrande.rs.gov.br\/smed\/wp-content\/uploads\/2017\/06\/20170619-ped-seminario-image1.jpg 800w\" sizes=\"(max-width: 485px) 100vw, 485px\" \/><\/a><p id=\"caption-attachment-21952\" class=\"wp-caption-text\">Divulga\u00e7\u00e3o<\/p><\/div>\n<p>&nbsp;<\/p>\n<p style=\"text-align: right;\"><em>SMEd<\/em><br \/>\n<em> Roberton Reis<\/em><br \/>\n<em> Com informa\u00e7\u00f5es do N\u00facleo de Diversidade e Inclus\u00e3o<\/em><\/p>\n","protected":false},"excerpt":{"rendered":"<p>&nbsp; SMEd Roberton Reis Com informa\u00e7\u00f5es do N\u00facleo de Diversidade e Inclus\u00e3o<\/p>\n","protected":false},"author":7,"featured_media":0,"comment_status":"closed","ping_status":"closed","sticky":false,"template":"","format":"standard","meta":{"footnotes":""},"categories":[1,13],"tags":[],"class_list":["post-21951","post","type-post","status-publish","format-standard","hentry","category-noticias","category-pedagogico"],"_links":{"self":[{"href":"https:\/\/www.riogrande.rs.gov.br\/smed\/index.php?rest_route=\/wp\/v2\/posts\/21951"}],"collection":[{"href":"https:\/\/www.riogrande.rs.gov.br\/smed\/index.php?rest_route=\/wp\/v2\/posts"}],"about":[{"href":"https:\/\/www.riogrande.rs.gov.br\/smed\/index.php?rest_route=\/wp\/v2\/types\/post"}],"author":[{"embeddable":true,"href":"https:\/\/www.riogrande.rs.gov.br\/smed\/index.php?rest_route=\/wp\/v2\/users\/7"}],"replies":[{"embeddable":true,"href":"https:\/\/www.riogrande.rs.gov.br\/smed\/index.php?rest_route=%2Fwp%2Fv2%2Fcomments&post=21951"}],"version-history":[{"count":1,"href":"https:\/\/www.riogrande.rs.gov.br\/smed\/index.php?rest_route=\/wp\/v2\/posts\/21951\/revisions"}],"predecessor-version":[{"id":21953,"href":"https:\/\/www.riogrande.rs.gov.br\/smed\/index.php?rest_route=\/wp\/v2\/posts\/21951\/revisions\/21953"}],"wp:attachment":[{"href":"https:\/\/www.riogrande.rs.gov.br\/smed\/index.php?rest_route=%2Fwp%2Fv2%2Fmedia&parent=21951"}],"wp:term":[{"taxonomy":"category","embeddable":true,"href":"https:\/\/www.riogrande.rs.gov.br\/smed\/index.php?rest_route=%2Fwp%2Fv2%2Fcategories&post=21951"},{"taxonomy":"post_tag","embeddable":true,"href":"https:\/\/www.riogrande.rs.gov.br\/smed\/index.php?rest_route=%2Fwp%2Fv2%2Ftags&post=21951"}],"curies":[{"name":"wp","href":"https:\/\/api.w.org\/{rel}","templated":true}]}}