{"id":21934,"date":"2017-06-16T19:45:48","date_gmt":"2017-06-16T22:45:48","guid":{"rendered":"http:\/\/www.riogrande.rs.gov.br\/smed\/?p=21934"},"modified":"2017-06-16T20:00:07","modified_gmt":"2017-06-16T23:00:07","slug":"21934","status":"publish","type":"post","link":"https:\/\/www.riogrande.rs.gov.br\/smed\/?p=21934","title":{"rendered":"BANDA MARCIAL DA EMEF HELENA SMALL PARTICIPAR\u00c1 DO PROJETO &#8220;BANDA NA PRA\u00c7A&#8221; NESTE S\u00c1BADO, 17"},"content":{"rendered":"<p><a href=\"http:\/\/www.riogrande.rs.gov.br\/smed\/wp-content\/uploads\/2017\/06\/20170616-pmrg1.jpg\" rel=\"lightbox[21934]\"><img loading=\"lazy\" decoding=\"async\" class=\"aligncenter size-full wp-image-21935\" src=\"http:\/\/www.riogrande.rs.gov.br\/smed\/wp-content\/uploads\/2017\/06\/20170616-pmrg1.jpg\" alt=\"\" width=\"397\" height=\"555\" srcset=\"https:\/\/www.riogrande.rs.gov.br\/smed\/wp-content\/uploads\/2017\/06\/20170616-pmrg1.jpg 397w, https:\/\/www.riogrande.rs.gov.br\/smed\/wp-content\/uploads\/2017\/06\/20170616-pmrg1-148x207.jpg 148w\" sizes=\"(max-width: 397px) 100vw, 397px\" \/><\/a><\/p>\n<p>Fonte: <a href=\"http:\/\/www.riogrande.rs.gov.br\/pagina\/index.php\/noticias\/detalhes+1475638,,projeto-banda-na-praca-se-apresenta-na-praca-sete-de-setembro-neste-sabado-17.html#.WUReZPpv_R1\" target=\"_blank\" rel=\"noopener\"><strong>www.riogrande.rs.gov.br<\/strong><\/a><\/p>\n<p style=\"text-align: justify;\">Neste s\u00e1bado (17) a Secretaria de Munic\u00edpio da Cultura (SeCult) inicia uma nova etapa do Projeto Banda na Pra\u00e7a. A descentraliza\u00e7\u00e3o da m\u00fasica, tradicionalmente ocorrida nas quintas-feiras e nos s\u00e1bados, nas pra\u00e7as Tamandar\u00e9 e Xavier Ferreira, se estender\u00e1 at\u00e9 os bairros e contar\u00e1 com a participa\u00e7\u00e3o das bandas marciais do Munic\u00edpio.<\/p>\n<p><!--more--><\/p>\n<p>&nbsp;<\/p>\n<p style=\"text-align: justify;\">O objetivo \u00e9 ampliar o acesso \u00e0 m\u00fasica para a comunidade rio-grandina e promover um di\u00e1logo entre as bandas marciais, militares e tradicionais de Rio Grande, como a Banda Gioacchino Rossini, que possui uma hist\u00f3ria centen\u00e1ria.<\/p>\n<p style=\"text-align: justify;\">A primeira edi\u00e7\u00e3o, neste novo formato, ocorrer\u00e1 na Pra\u00e7a Sete de Setembro, nas imedia\u00e7\u00f5es do Centro, a partir das 14h. Participam da atividade a Banda do 5\u00ba Distrito Naval e da Banda Marcial da Escola Municipal de Ensino Fundamental Helena Small. Al\u00e9m das apresenta\u00e7\u00f5es musicais, uma roda de conversa ser\u00e1 realizada e visa integrar os m\u00fasicos profissionais e alunos.<\/p>\n<p style=\"text-align: right;\"><em>Com informa\u00e7\u00f5es da SeCult<\/em><\/p>\n","protected":false},"excerpt":{"rendered":"<p>Fonte: www.riogrande.rs.gov.br Neste s\u00e1bado (17) a Secretaria de Munic\u00edpio da Cultura (SeCult) inicia uma nova etapa do Projeto Banda na Pra\u00e7a. A descentraliza\u00e7\u00e3o da m\u00fasica, tradicionalmente ocorrida nas quintas-feiras e nos s\u00e1bados, nas pra\u00e7as Tamandar\u00e9 e Xavier Ferreira, se estender\u00e1 at\u00e9 os bairros e contar\u00e1 com a participa\u00e7\u00e3o das bandas marciais do Munic\u00edpio.<\/p>\n","protected":false},"author":7,"featured_media":0,"comment_status":"closed","ping_status":"closed","sticky":false,"template":"","format":"standard","meta":{"footnotes":""},"categories":[1],"tags":[],"class_list":["post-21934","post","type-post","status-publish","format-standard","hentry","category-noticias"],"_links":{"self":[{"href":"https:\/\/www.riogrande.rs.gov.br\/smed\/index.php?rest_route=\/wp\/v2\/posts\/21934"}],"collection":[{"href":"https:\/\/www.riogrande.rs.gov.br\/smed\/index.php?rest_route=\/wp\/v2\/posts"}],"about":[{"href":"https:\/\/www.riogrande.rs.gov.br\/smed\/index.php?rest_route=\/wp\/v2\/types\/post"}],"author":[{"embeddable":true,"href":"https:\/\/www.riogrande.rs.gov.br\/smed\/index.php?rest_route=\/wp\/v2\/users\/7"}],"replies":[{"embeddable":true,"href":"https:\/\/www.riogrande.rs.gov.br\/smed\/index.php?rest_route=%2Fwp%2Fv2%2Fcomments&post=21934"}],"version-history":[{"count":5,"href":"https:\/\/www.riogrande.rs.gov.br\/smed\/index.php?rest_route=\/wp\/v2\/posts\/21934\/revisions"}],"predecessor-version":[{"id":21948,"href":"https:\/\/www.riogrande.rs.gov.br\/smed\/index.php?rest_route=\/wp\/v2\/posts\/21934\/revisions\/21948"}],"wp:attachment":[{"href":"https:\/\/www.riogrande.rs.gov.br\/smed\/index.php?rest_route=%2Fwp%2Fv2%2Fmedia&parent=21934"}],"wp:term":[{"taxonomy":"category","embeddable":true,"href":"https:\/\/www.riogrande.rs.gov.br\/smed\/index.php?rest_route=%2Fwp%2Fv2%2Fcategories&post=21934"},{"taxonomy":"post_tag","embeddable":true,"href":"https:\/\/www.riogrande.rs.gov.br\/smed\/index.php?rest_route=%2Fwp%2Fv2%2Ftags&post=21934"}],"curies":[{"name":"wp","href":"https:\/\/api.w.org\/{rel}","templated":true}]}}