{"id":21931,"date":"2017-06-16T18:41:10","date_gmt":"2017-06-16T21:41:10","guid":{"rendered":"http:\/\/www.riogrande.rs.gov.br\/smed\/?p=21931"},"modified":"2017-06-16T19:43:27","modified_gmt":"2017-06-16T22:43:27","slug":"2o-encontro-do-seminario-costurando-historias-e-memorias-patrimoniais-rio-grande-280-anos-acontecera-no-dia-22","status":"publish","type":"post","link":"https:\/\/www.riogrande.rs.gov.br\/smed\/?p=21931","title":{"rendered":"2\u00ba Encontro do Semin\u00e1rio \u201cCosturando Hist\u00f3rias e Mem\u00f3rias Patrimoniais: Rio Grande 280 Anos\u201d acontecer\u00e1 no dia 22"},"content":{"rendered":"<p style=\"text-align: justify;\">A Secretaria de Munic\u00edpio da Educa\u00e7\u00e3o, atrav\u00e9s da parceria entre os N\u00facleos dos Anos Finais, \u00a0de Educa\u00e7\u00e3o Ambiental e Patrimonial e da Assessoria \u00c9tnico-Racial, promover\u00e1, no dia <b>22 de junho<\/b>, \u00e0s <b>8h30min<\/b>, no Audit\u00f3rio da Escola Municipal de Ensino Fundamental <b>Cipriano Porto Alegre<\/b>, o Segundo Encontro do Semin\u00e1rio \u201c<b>Costurando Hist\u00f3rias e Mem\u00f3rias Patrimoniais: Rio Grande 280 anos<\/b>\u201d.<\/p>\n<p>&nbsp;<\/p>\n<p style=\"text-align: right;\"><em>SMEd<\/em><\/p>\n","protected":false},"excerpt":{"rendered":"<p>A Secretaria de Munic\u00edpio da Educa\u00e7\u00e3o, atrav\u00e9s da parceria entre os N\u00facleos dos Anos Finais, \u00a0de Educa\u00e7\u00e3o Ambiental e Patrimonial e da Assessoria \u00c9tnico-Racial, promover\u00e1, no dia 22 de junho, \u00e0s 8h30min, no Audit\u00f3rio da Escola Municipal de Ensino Fundamental Cipriano Porto Alegre, o Segundo Encontro do Semin\u00e1rio \u201cCosturando Hist\u00f3rias e Mem\u00f3rias Patrimoniais: Rio Grande [&hellip;]<\/p>\n","protected":false},"author":7,"featured_media":0,"comment_status":"closed","ping_status":"closed","sticky":false,"template":"","format":"standard","meta":{"footnotes":""},"categories":[45,1,13],"tags":[],"class_list":["post-21931","post","type-post","status-publish","format-standard","hentry","category-280anosriogrande","category-noticias","category-pedagogico"],"_links":{"self":[{"href":"https:\/\/www.riogrande.rs.gov.br\/smed\/index.php?rest_route=\/wp\/v2\/posts\/21931"}],"collection":[{"href":"https:\/\/www.riogrande.rs.gov.br\/smed\/index.php?rest_route=\/wp\/v2\/posts"}],"about":[{"href":"https:\/\/www.riogrande.rs.gov.br\/smed\/index.php?rest_route=\/wp\/v2\/types\/post"}],"author":[{"embeddable":true,"href":"https:\/\/www.riogrande.rs.gov.br\/smed\/index.php?rest_route=\/wp\/v2\/users\/7"}],"replies":[{"embeddable":true,"href":"https:\/\/www.riogrande.rs.gov.br\/smed\/index.php?rest_route=%2Fwp%2Fv2%2Fcomments&post=21931"}],"version-history":[{"count":2,"href":"https:\/\/www.riogrande.rs.gov.br\/smed\/index.php?rest_route=\/wp\/v2\/posts\/21931\/revisions"}],"predecessor-version":[{"id":21933,"href":"https:\/\/www.riogrande.rs.gov.br\/smed\/index.php?rest_route=\/wp\/v2\/posts\/21931\/revisions\/21933"}],"wp:attachment":[{"href":"https:\/\/www.riogrande.rs.gov.br\/smed\/index.php?rest_route=%2Fwp%2Fv2%2Fmedia&parent=21931"}],"wp:term":[{"taxonomy":"category","embeddable":true,"href":"https:\/\/www.riogrande.rs.gov.br\/smed\/index.php?rest_route=%2Fwp%2Fv2%2Fcategories&post=21931"},{"taxonomy":"post_tag","embeddable":true,"href":"https:\/\/www.riogrande.rs.gov.br\/smed\/index.php?rest_route=%2Fwp%2Fv2%2Ftags&post=21931"}],"curies":[{"name":"wp","href":"https:\/\/api.w.org\/{rel}","templated":true}]}}