{"id":21921,"date":"2017-06-14T20:08:54","date_gmt":"2017-06-14T23:08:54","guid":{"rendered":"http:\/\/www.riogrande.rs.gov.br\/smed\/?p=21921"},"modified":"2017-06-14T20:13:16","modified_gmt":"2017-06-14T23:13:16","slug":"nucleo-de-educacao-para-o-transito-realiza-atividades-na-emef-joao-de","status":"publish","type":"post","link":"https:\/\/www.riogrande.rs.gov.br\/smed\/?p=21921","title":{"rendered":"N\u00daCLEO DE EDUCA\u00c7\u00c3O PARA O TR\u00c2NSITO REALIZA ATIVIDADES NA EMEF JO\u00c3O DE OLIVEIRA MARTINS"},"content":{"rendered":"<p><a href=\"http:\/\/www.riogrande.rs.gov.br\/smed\/wp-content\/uploads\/2017\/06\/20170614-pmrg1.jpg\" rel=\"lightbox[21921]\"><img loading=\"lazy\" decoding=\"async\" class=\"aligncenter size-medium wp-image-21924\" src=\"http:\/\/www.riogrande.rs.gov.br\/smed\/wp-content\/uploads\/2017\/06\/20170614-pmrg1-485x272.jpg\" alt=\"\" width=\"485\" height=\"272\" srcset=\"https:\/\/www.riogrande.rs.gov.br\/smed\/wp-content\/uploads\/2017\/06\/20170614-pmrg1-485x272.jpg 485w, https:\/\/www.riogrande.rs.gov.br\/smed\/wp-content\/uploads\/2017\/06\/20170614-pmrg1-369x207.jpg 369w, https:\/\/www.riogrande.rs.gov.br\/smed\/wp-content\/uploads\/2017\/06\/20170614-pmrg1.jpg 700w\" sizes=\"(max-width: 485px) 100vw, 485px\" \/><\/a><\/p>\n<p>Fonte: <a href=\"http:\/\/www.riogrande.rs.gov.br\/pagina\/index.php\/noticias\/detalhes+1474143,,nucleo-de-educacao-para-o-transito-realiza-atividades-na-emef-sao-joao-de-oliveira-martins.html#.WUHBRfpv_R1\" target=\"_blank\" rel=\"noopener\"><strong>www.riogrande.rs.gov.br<\/strong><\/a><\/p>\n<p style=\"text-align: justify;\">A Secretaria de Munic\u00edpio de Mobilidade Urbana e Acessibilidade (SMMUA), atrav\u00e9s do N\u00facleo de Educa\u00e7\u00e3o para o Tr\u00e2nsito, est\u00e1 realizando desde ontem (13), atividades na EMEF Jo\u00e3o de Oliveira Martins, pertecente \u00e0 Rede Municipal de Ensino e localizada no Bairro Castelo Branco.<\/p>\n<p><!--more--><\/p>\n<p>&nbsp;<\/p>\n<p style=\"text-align: justify;\">As atividades como Escolinha de Tr\u00e2nsito est\u00e3o sendo desenvolvidas para os alunos do primeiro ao quinto ano do ensino fundamental.<\/p>\n<p style=\"text-align: justify;\">As a\u00e7\u00f5es do N\u00facleo de Educa\u00e7\u00e3o para o Tr\u00e2nsito t\u00eam como finalidade conscientizar a sociedade, desde a menor idade e por meio da educa\u00e7\u00e3o, sobre a viol\u00eancia no tr\u00e3nsito e a import\u00e2ncia de ter responsabilidade, tornando as crian\u00e7as disseminadoras dessa aprendizagem em seu meio social.<\/p>\n<p style=\"text-align: right;\"><em>Assessoria de Comunica\u00e7\u00e3o\/PMRG<\/em><\/p>\n","protected":false},"excerpt":{"rendered":"<p>Fonte: www.riogrande.rs.gov.br A Secretaria de Munic\u00edpio de Mobilidade Urbana e Acessibilidade (SMMUA), atrav\u00e9s do N\u00facleo de Educa\u00e7\u00e3o para o Tr\u00e2nsito, est\u00e1 realizando desde ontem (13), atividades na EMEF Jo\u00e3o de Oliveira Martins, pertecente \u00e0 Rede Municipal de Ensino e localizada no Bairro Castelo Branco.<\/p>\n","protected":false},"author":7,"featured_media":0,"comment_status":"closed","ping_status":"closed","sticky":false,"template":"","format":"standard","meta":{"footnotes":""},"categories":[1],"tags":[],"class_list":["post-21921","post","type-post","status-publish","format-standard","hentry","category-noticias"],"_links":{"self":[{"href":"https:\/\/www.riogrande.rs.gov.br\/smed\/index.php?rest_route=\/wp\/v2\/posts\/21921"}],"collection":[{"href":"https:\/\/www.riogrande.rs.gov.br\/smed\/index.php?rest_route=\/wp\/v2\/posts"}],"about":[{"href":"https:\/\/www.riogrande.rs.gov.br\/smed\/index.php?rest_route=\/wp\/v2\/types\/post"}],"author":[{"embeddable":true,"href":"https:\/\/www.riogrande.rs.gov.br\/smed\/index.php?rest_route=\/wp\/v2\/users\/7"}],"replies":[{"embeddable":true,"href":"https:\/\/www.riogrande.rs.gov.br\/smed\/index.php?rest_route=%2Fwp%2Fv2%2Fcomments&post=21921"}],"version-history":[{"count":5,"href":"https:\/\/www.riogrande.rs.gov.br\/smed\/index.php?rest_route=\/wp\/v2\/posts\/21921\/revisions"}],"predecessor-version":[{"id":21927,"href":"https:\/\/www.riogrande.rs.gov.br\/smed\/index.php?rest_route=\/wp\/v2\/posts\/21921\/revisions\/21927"}],"wp:attachment":[{"href":"https:\/\/www.riogrande.rs.gov.br\/smed\/index.php?rest_route=%2Fwp%2Fv2%2Fmedia&parent=21921"}],"wp:term":[{"taxonomy":"category","embeddable":true,"href":"https:\/\/www.riogrande.rs.gov.br\/smed\/index.php?rest_route=%2Fwp%2Fv2%2Fcategories&post=21921"},{"taxonomy":"post_tag","embeddable":true,"href":"https:\/\/www.riogrande.rs.gov.br\/smed\/index.php?rest_route=%2Fwp%2Fv2%2Ftags&post=21921"}],"curies":[{"name":"wp","href":"https:\/\/api.w.org\/{rel}","templated":true}]}}