{"id":21914,"date":"2017-06-14T19:57:41","date_gmt":"2017-06-14T22:57:41","guid":{"rendered":"http:\/\/www.riogrande.rs.gov.br\/smed\/?p=21914"},"modified":"2017-06-14T19:58:13","modified_gmt":"2017-06-14T22:58:13","slug":"emef-ramiz-galvao-participou-da-reinauguracao-da-exposicao-interativa-uma-aventura-pelo-corpo-humano","status":"publish","type":"post","link":"https:\/\/www.riogrande.rs.gov.br\/smed\/?p=21914","title":{"rendered":"EMEF Ramiz Galv\u00e3o participou da reinaugura\u00e7\u00e3o da \u201cExposi\u00e7\u00e3o Interativa: Uma Aventura pelo Corpo Humano\u201d"},"content":{"rendered":"<div id=\"attachment_21915\" style=\"width: 495px\" class=\"wp-caption aligncenter\"><a href=\"http:\/\/www.riogrande.rs.gov.br\/smed\/wp-content\/uploads\/2017\/06\/20170614-ped-galvao-image5.jpg\" rel=\"lightbox[21914]\"><img loading=\"lazy\" decoding=\"async\" aria-describedby=\"caption-attachment-21915\" class=\"size-medium wp-image-21915\" src=\"http:\/\/www.riogrande.rs.gov.br\/smed\/wp-content\/uploads\/2017\/06\/20170614-ped-galvao-image5-485x364.jpg\" alt=\"\" width=\"485\" height=\"364\" srcset=\"https:\/\/www.riogrande.rs.gov.br\/smed\/wp-content\/uploads\/2017\/06\/20170614-ped-galvao-image5-485x364.jpg 485w, https:\/\/www.riogrande.rs.gov.br\/smed\/wp-content\/uploads\/2017\/06\/20170614-ped-galvao-image5-768x576.jpg 768w, https:\/\/www.riogrande.rs.gov.br\/smed\/wp-content\/uploads\/2017\/06\/20170614-ped-galvao-image5-276x207.jpg 276w, https:\/\/www.riogrande.rs.gov.br\/smed\/wp-content\/uploads\/2017\/06\/20170614-ped-galvao-image5.jpg 800w\" sizes=\"(max-width: 485px) 100vw, 485px\" \/><\/a><p id=\"caption-attachment-21915\" class=\"wp-caption-text\">Divulga\u00e7\u00e3o<\/p><\/div>\n\n\t\t<style type=\"text\/css\">\n\t\t\t#gallery-1 {\n\t\t\t\tmargin: auto;\n\t\t\t}\n\t\t\t#gallery-1 .gallery-item {\n\t\t\t\tfloat: left;\n\t\t\t\tmargin-top: 10px;\n\t\t\t\ttext-align: center;\n\t\t\t\twidth: 50%;\n\t\t\t}\n\t\t\t#gallery-1 img {\n\t\t\t\tborder: 2px solid #cfcfcf;\n\t\t\t}\n\t\t\t#gallery-1 .gallery-caption {\n\t\t\t\tmargin-left: 0;\n\t\t\t}\n\t\t\t\/* see gallery_shortcode() in wp-includes\/media.php *\/\n\t\t<\/style>\n\t\t<div id='gallery-1' class='gallery galleryid-21914 gallery-columns-2 gallery-size-thumbnail'><dl class='gallery-item'>\n\t\t\t<dt class='gallery-icon landscape'>\n\t\t\t\t<a href='https:\/\/www.riogrande.rs.gov.br\/smed\/wp-content\/uploads\/2017\/06\/20170614-ped-galvao-image1.jpg' rel=\"lightbox[21914]\"><img loading=\"lazy\" decoding=\"async\" width=\"150\" height=\"150\" src=\"https:\/\/www.riogrande.rs.gov.br\/smed\/wp-content\/uploads\/2017\/06\/20170614-ped-galvao-image1-150x150.jpg\" class=\"attachment-thumbnail size-thumbnail\" alt=\"\" aria-describedby=\"gallery-1-21916\" \/><\/a>\n\t\t\t<\/dt>\n\t\t\t\t<dd class='wp-caption-text gallery-caption' id='gallery-1-21916'>\n\t\t\t\tDivulga\u00e7\u00e3o\n\t\t\t\t<\/dd><\/dl><dl class='gallery-item'>\n\t\t\t<dt class='gallery-icon landscape'>\n\t\t\t\t<a href='https:\/\/www.riogrande.rs.gov.br\/smed\/wp-content\/uploads\/2017\/06\/20170614-ped-galvao-image2.jpg' rel=\"lightbox[21914]\"><img loading=\"lazy\" decoding=\"async\" width=\"150\" height=\"150\" src=\"https:\/\/www.riogrande.rs.gov.br\/smed\/wp-content\/uploads\/2017\/06\/20170614-ped-galvao-image2-150x150.jpg\" class=\"attachment-thumbnail size-thumbnail\" alt=\"\" aria-describedby=\"gallery-1-21917\" \/><\/a>\n\t\t\t<\/dt>\n\t\t\t\t<dd class='wp-caption-text gallery-caption' id='gallery-1-21917'>\n\t\t\t\tDivulga\u00e7\u00e3o\n\t\t\t\t<\/dd><\/dl><br style=\"clear: both\" \/><dl class='gallery-item'>\n\t\t\t<dt class='gallery-icon portrait'>\n\t\t\t\t<a href='https:\/\/www.riogrande.rs.gov.br\/smed\/wp-content\/uploads\/2017\/06\/20170614-ped-galvao-image3.jpg' rel=\"lightbox[21914]\"><img loading=\"lazy\" decoding=\"async\" width=\"150\" height=\"150\" src=\"https:\/\/www.riogrande.rs.gov.br\/smed\/wp-content\/uploads\/2017\/06\/20170614-ped-galvao-image3-150x150.jpg\" class=\"attachment-thumbnail size-thumbnail\" alt=\"\" aria-describedby=\"gallery-1-21918\" \/><\/a>\n\t\t\t<\/dt>\n\t\t\t\t<dd class='wp-caption-text gallery-caption' id='gallery-1-21918'>\n\t\t\t\tDivulga\u00e7\u00e3o\n\t\t\t\t<\/dd><\/dl><dl class='gallery-item'>\n\t\t\t<dt class='gallery-icon landscape'>\n\t\t\t\t<a href='https:\/\/www.riogrande.rs.gov.br\/smed\/wp-content\/uploads\/2017\/06\/20170614-ped-galvao-image4.jpg' rel=\"lightbox[21914]\"><img loading=\"lazy\" decoding=\"async\" width=\"150\" height=\"150\" src=\"https:\/\/www.riogrande.rs.gov.br\/smed\/wp-content\/uploads\/2017\/06\/20170614-ped-galvao-image4-150x150.jpg\" class=\"attachment-thumbnail size-thumbnail\" alt=\"\" aria-describedby=\"gallery-1-21919\" \/><\/a>\n\t\t\t<\/dt>\n\t\t\t\t<dd class='wp-caption-text gallery-caption' id='gallery-1-21919'>\n\t\t\t\tDivulga\u00e7\u00e3o\n\t\t\t\t<\/dd><\/dl><br style=\"clear: both\" \/>\n\t\t<\/div>\n\n<p style=\"text-align: justify;\">Ap\u00f3s passar por um processo de revitaliza\u00e7\u00e3o e atualiza\u00e7\u00e3o, a \u201c<b>Exposi\u00e7\u00e3o Interativa: Uma Aventura pelo Corpo Humano<\/b>\u201d do CEAMECIM\/FURG reinaugurou na manh\u00e3 da \u00faltima ter\u00e7a-feira, dia <b>13 de junho<\/b>, recebendo a visita dos alunos da turma do 4\u00ba ano da Escola Municipal de Ensino Fundamental <b>Ramiz Galv\u00e3o<\/b>.<\/p>\n<p>&nbsp;<\/p>\n<p style=\"text-align: right;\"><em>SMEd<\/em><br \/>\n<em> Roberton Reis<\/em><\/p>\n","protected":false},"excerpt":{"rendered":"<p>Ap\u00f3s passar por um processo de revitaliza\u00e7\u00e3o e atualiza\u00e7\u00e3o, a \u201cExposi\u00e7\u00e3o Interativa: Uma Aventura pelo Corpo Humano\u201d do CEAMECIM\/FURG reinaugurou na manh\u00e3 da \u00faltima ter\u00e7a-feira, dia 13 de junho, recebendo a visita dos alunos da turma do 4\u00ba ano da Escola Municipal de Ensino Fundamental Ramiz Galv\u00e3o. &nbsp; SMEd Roberton Reis<\/p>\n","protected":false},"author":7,"featured_media":0,"comment_status":"closed","ping_status":"closed","sticky":false,"template":"","format":"standard","meta":{"footnotes":""},"categories":[1,13],"tags":[],"class_list":["post-21914","post","type-post","status-publish","format-standard","hentry","category-noticias","category-pedagogico"],"_links":{"self":[{"href":"https:\/\/www.riogrande.rs.gov.br\/smed\/index.php?rest_route=\/wp\/v2\/posts\/21914"}],"collection":[{"href":"https:\/\/www.riogrande.rs.gov.br\/smed\/index.php?rest_route=\/wp\/v2\/posts"}],"about":[{"href":"https:\/\/www.riogrande.rs.gov.br\/smed\/index.php?rest_route=\/wp\/v2\/types\/post"}],"author":[{"embeddable":true,"href":"https:\/\/www.riogrande.rs.gov.br\/smed\/index.php?rest_route=\/wp\/v2\/users\/7"}],"replies":[{"embeddable":true,"href":"https:\/\/www.riogrande.rs.gov.br\/smed\/index.php?rest_route=%2Fwp%2Fv2%2Fcomments&post=21914"}],"version-history":[{"count":1,"href":"https:\/\/www.riogrande.rs.gov.br\/smed\/index.php?rest_route=\/wp\/v2\/posts\/21914\/revisions"}],"predecessor-version":[{"id":21920,"href":"https:\/\/www.riogrande.rs.gov.br\/smed\/index.php?rest_route=\/wp\/v2\/posts\/21914\/revisions\/21920"}],"wp:attachment":[{"href":"https:\/\/www.riogrande.rs.gov.br\/smed\/index.php?rest_route=%2Fwp%2Fv2%2Fmedia&parent=21914"}],"wp:term":[{"taxonomy":"category","embeddable":true,"href":"https:\/\/www.riogrande.rs.gov.br\/smed\/index.php?rest_route=%2Fwp%2Fv2%2Fcategories&post=21914"},{"taxonomy":"post_tag","embeddable":true,"href":"https:\/\/www.riogrande.rs.gov.br\/smed\/index.php?rest_route=%2Fwp%2Fv2%2Ftags&post=21914"}],"curies":[{"name":"wp","href":"https:\/\/api.w.org\/{rel}","templated":true}]}}