{"id":21907,"date":"2017-06-14T19:40:25","date_gmt":"2017-06-14T22:40:25","guid":{"rendered":"http:\/\/www.riogrande.rs.gov.br\/smed\/?p=21907"},"modified":"2017-06-14T19:40:25","modified_gmt":"2017-06-14T22:40:25","slug":"curso-de-extensao-educacao-infantil-brincando-entre-as-artes-a-danca-a-literatura-e-a-musica-iniciou-no-dia-06-de-junho","status":"publish","type":"post","link":"https:\/\/www.riogrande.rs.gov.br\/smed\/?p=21907","title":{"rendered":"Curso de Extens\u00e3o \u201cEduca\u00e7\u00e3o Infantil: brincando entre as Artes, a Dan\u00e7a, a Literatura e a M\u00fasica\u201d iniciou no dia 06 de junho"},"content":{"rendered":"\n\t\t<style type=\"text\/css\">\n\t\t\t#gallery-1 {\n\t\t\t\tmargin: auto;\n\t\t\t}\n\t\t\t#gallery-1 .gallery-item {\n\t\t\t\tfloat: left;\n\t\t\t\tmargin-top: 10px;\n\t\t\t\ttext-align: center;\n\t\t\t\twidth: 50%;\n\t\t\t}\n\t\t\t#gallery-1 img {\n\t\t\t\tborder: 2px solid #cfcfcf;\n\t\t\t}\n\t\t\t#gallery-1 .gallery-caption {\n\t\t\t\tmargin-left: 0;\n\t\t\t}\n\t\t\t\/* see gallery_shortcode() in wp-includes\/media.php *\/\n\t\t<\/style>\n\t\t<div id='gallery-1' class='gallery galleryid-21907 gallery-columns-2 gallery-size-thumbnail'><dl class='gallery-item'>\n\t\t\t<dt class='gallery-icon landscape'>\n\t\t\t\t<a href='https:\/\/www.riogrande.rs.gov.br\/smed\/wp-content\/uploads\/2017\/06\/20170614-ped-infantil-image1.jpg' rel=\"lightbox[21907]\"><img loading=\"lazy\" decoding=\"async\" width=\"150\" height=\"150\" src=\"https:\/\/www.riogrande.rs.gov.br\/smed\/wp-content\/uploads\/2017\/06\/20170614-ped-infantil-image1-150x150.jpg\" class=\"attachment-thumbnail size-thumbnail\" alt=\"\" aria-describedby=\"gallery-1-21908\" \/><\/a>\n\t\t\t<\/dt>\n\t\t\t\t<dd class='wp-caption-text gallery-caption' id='gallery-1-21908'>\n\t\t\t\tCr\u00e9dito: N\u00facleo de Educa\u00e7\u00e3o Infantil\n\t\t\t\t<\/dd><\/dl><dl class='gallery-item'>\n\t\t\t<dt class='gallery-icon portrait'>\n\t\t\t\t<a href='https:\/\/www.riogrande.rs.gov.br\/smed\/wp-content\/uploads\/2017\/06\/20170614-ped-infantil-image2.jpg' rel=\"lightbox[21907]\"><img loading=\"lazy\" decoding=\"async\" width=\"150\" height=\"150\" src=\"https:\/\/www.riogrande.rs.gov.br\/smed\/wp-content\/uploads\/2017\/06\/20170614-ped-infantil-image2-150x150.jpg\" class=\"attachment-thumbnail size-thumbnail\" alt=\"\" aria-describedby=\"gallery-1-21909\" \/><\/a>\n\t\t\t<\/dt>\n\t\t\t\t<dd class='wp-caption-text gallery-caption' id='gallery-1-21909'>\n\t\t\t\tCr\u00e9dito: N\u00facleo de Educa\u00e7\u00e3o Infantil\n\t\t\t\t<\/dd><\/dl><br style=\"clear: both\" \/><dl class='gallery-item'>\n\t\t\t<dt class='gallery-icon landscape'>\n\t\t\t\t<a href='https:\/\/www.riogrande.rs.gov.br\/smed\/wp-content\/uploads\/2017\/06\/20170614-ped-infantil-image3.jpg' rel=\"lightbox[21907]\"><img loading=\"lazy\" decoding=\"async\" width=\"150\" height=\"150\" src=\"https:\/\/www.riogrande.rs.gov.br\/smed\/wp-content\/uploads\/2017\/06\/20170614-ped-infantil-image3-150x150.jpg\" class=\"attachment-thumbnail size-thumbnail\" alt=\"\" aria-describedby=\"gallery-1-21910\" \/><\/a>\n\t\t\t<\/dt>\n\t\t\t\t<dd class='wp-caption-text gallery-caption' id='gallery-1-21910'>\n\t\t\t\tCr\u00e9dito: N\u00facleo de Educa\u00e7\u00e3o Infantil\n\t\t\t\t<\/dd><\/dl><dl class='gallery-item'>\n\t\t\t<dt class='gallery-icon landscape'>\n\t\t\t\t<a href='https:\/\/www.riogrande.rs.gov.br\/smed\/wp-content\/uploads\/2017\/06\/20170614-ped-infantil-image4.jpg' rel=\"lightbox[21907]\"><img loading=\"lazy\" decoding=\"async\" width=\"150\" height=\"150\" src=\"https:\/\/www.riogrande.rs.gov.br\/smed\/wp-content\/uploads\/2017\/06\/20170614-ped-infantil-image4-150x150.jpg\" class=\"attachment-thumbnail size-thumbnail\" alt=\"\" aria-describedby=\"gallery-1-21911\" \/><\/a>\n\t\t\t<\/dt>\n\t\t\t\t<dd class='wp-caption-text gallery-caption' id='gallery-1-21911'>\n\t\t\t\tCr\u00e9dito: N\u00facleo de Educa\u00e7\u00e3o Infantil\n\t\t\t\t<\/dd><\/dl><br style=\"clear: both\" \/>\n\t\t<\/div>\n\n<p style=\"text-align: justify;\">A Secretaria de Munic\u00edpio da Educa\u00e7\u00e3o de Rio Grande (SMEd), atrav\u00e9s do N\u00facleo de Educa\u00e7\u00e3o Infantil e da Escola Municipal de Belas Artes Heitor de Lemos, em parceria com o Curso de Letras\/FURG \u2013 Projeto \u201cSocializando a Leitura\u201d, deu in\u00edcio na \u00faltima ter\u00e7a-feira, dia <b>06 de junho<\/b>, ao Curso de Extens\u00e3o\u00a0\u201c<b>Educa\u00e7\u00e3o Infantil: brincando entre as Artes, a Dan\u00e7a, a Literatura e a M\u00fasica<\/b>\u201d.<\/p>\n<p><!--more--><\/p>\n<p>&nbsp;<\/p>\n<p style=\"text-align: justify;\">Na ocasi\u00e3o, os professores cursistas estiveram reunidos no Audit\u00f3rio do SESC\/Rio Grande, das 17h \u00e0s 20h30min, onde puderam vivenciar situa\u00e7\u00f5es sobre o \u00e2mbito da Literatura, a partir das contribui\u00e7\u00f5es da Professora Mestra Ana Cosme, que comp\u00f5e a coordena\u00e7\u00e3o do Projeto \u201cSocializando a Leitura\u201d. A tem\u00e1tica trabalhada foi \u201c<b>Tecendo saberes: Mem\u00f3rias e suportes de leitura<\/b>\u201d.<\/p>\n<p style=\"text-align: justify;\">No segundo momento, o N\u00facleo de Bibliotecas da SMEd, sob a coordena\u00e7\u00e3o de Rosane Machado de Azevedo, apresentou o projeto \u201c<strong>Sacola Liter\u00e1ria<\/strong>\u201d, que \u00e9 promovido pela empresa VR Projetos, com o patroc\u00ednio da Refinaria de Petr\u00f3leo Riograndense, atrav\u00e9s da Lei Rouanet de Incentivo \u00e0 cultura, com o apoio da Secretaria de Munic\u00edpio da Educa\u00e7\u00e3o.<\/p>\n<p style=\"text-align: justify;\">De forma envolvente e descontra\u00edda, as assessoras contaram hist\u00f3rias e expuseram suas atividades liter\u00e1rias desenvolvidas nas escolas da rede p\u00fablica municipal do Rio Grande. Al\u00e9m disso, interagiram com os professores, sugestionando atividades, materiais e recursos para os momentos de conta\u00e7\u00e3o para as crian\u00e7as.<\/p>\n<p style=\"text-align: justify;\">O Curso acontecer\u00e1 durante dois encontros mensais, envolvendo a Literatura e as Artes. O grupo cursista se reunir\u00e1 no pr\u00f3ximo dia <b>26 de junho<\/b>, \u00e0s <b>17h30min<\/b>, na Escola Municipal de Belas Artes Heitor de Lemos, que est\u00e1 localizada na rua Jockey Club,194.<\/p>\n<p>&nbsp;<\/p>\n<p style=\"text-align: right;\"><em>SMEd<\/em><br \/>\n<em> Roberton Reis<\/em><br \/>\n<em> Com informa\u00e7\u00f5es do N\u00facleo de Educa\u00e7\u00e3o Infantil<\/em><\/p>\n","protected":false},"excerpt":{"rendered":"<p>A Secretaria de Munic\u00edpio da Educa\u00e7\u00e3o de Rio Grande (SMEd), atrav\u00e9s do N\u00facleo de Educa\u00e7\u00e3o Infantil e da Escola Municipal de Belas Artes Heitor de Lemos, em parceria com o Curso de Letras\/FURG \u2013 Projeto \u201cSocializando a Leitura\u201d, deu in\u00edcio na \u00faltima ter\u00e7a-feira, dia 06 de junho, ao Curso de Extens\u00e3o\u00a0\u201cEduca\u00e7\u00e3o Infantil: brincando entre as [&hellip;]<\/p>\n","protected":false},"author":7,"featured_media":0,"comment_status":"closed","ping_status":"closed","sticky":false,"template":"","format":"standard","meta":{"footnotes":""},"categories":[1,13],"tags":[],"class_list":["post-21907","post","type-post","status-publish","format-standard","hentry","category-noticias","category-pedagogico"],"_links":{"self":[{"href":"https:\/\/www.riogrande.rs.gov.br\/smed\/index.php?rest_route=\/wp\/v2\/posts\/21907"}],"collection":[{"href":"https:\/\/www.riogrande.rs.gov.br\/smed\/index.php?rest_route=\/wp\/v2\/posts"}],"about":[{"href":"https:\/\/www.riogrande.rs.gov.br\/smed\/index.php?rest_route=\/wp\/v2\/types\/post"}],"author":[{"embeddable":true,"href":"https:\/\/www.riogrande.rs.gov.br\/smed\/index.php?rest_route=\/wp\/v2\/users\/7"}],"replies":[{"embeddable":true,"href":"https:\/\/www.riogrande.rs.gov.br\/smed\/index.php?rest_route=%2Fwp%2Fv2%2Fcomments&post=21907"}],"version-history":[{"count":1,"href":"https:\/\/www.riogrande.rs.gov.br\/smed\/index.php?rest_route=\/wp\/v2\/posts\/21907\/revisions"}],"predecessor-version":[{"id":21912,"href":"https:\/\/www.riogrande.rs.gov.br\/smed\/index.php?rest_route=\/wp\/v2\/posts\/21907\/revisions\/21912"}],"wp:attachment":[{"href":"https:\/\/www.riogrande.rs.gov.br\/smed\/index.php?rest_route=%2Fwp%2Fv2%2Fmedia&parent=21907"}],"wp:term":[{"taxonomy":"category","embeddable":true,"href":"https:\/\/www.riogrande.rs.gov.br\/smed\/index.php?rest_route=%2Fwp%2Fv2%2Fcategories&post=21907"},{"taxonomy":"post_tag","embeddable":true,"href":"https:\/\/www.riogrande.rs.gov.br\/smed\/index.php?rest_route=%2Fwp%2Fv2%2Ftags&post=21907"}],"curies":[{"name":"wp","href":"https:\/\/api.w.org\/{rel}","templated":true}]}}