{"id":21901,"date":"2017-06-14T19:33:11","date_gmt":"2017-06-14T22:33:11","guid":{"rendered":"http:\/\/www.riogrande.rs.gov.br\/smed\/?p=21901"},"modified":"2017-06-14T19:33:11","modified_gmt":"2017-06-14T22:33:11","slug":"smed-promoveu-formacao-para-os-professores-das-escolas-de-educacao-infantil-conveniadas","status":"publish","type":"post","link":"https:\/\/www.riogrande.rs.gov.br\/smed\/?p=21901","title":{"rendered":"SMEd promoveu Forma\u00e7\u00e3o para os Professores das Escolas de Educa\u00e7\u00e3o Infantil Conveniadas"},"content":{"rendered":"\n\t\t<style type=\"text\/css\">\n\t\t\t#gallery-1 {\n\t\t\t\tmargin: auto;\n\t\t\t}\n\t\t\t#gallery-1 .gallery-item {\n\t\t\t\tfloat: left;\n\t\t\t\tmargin-top: 10px;\n\t\t\t\ttext-align: center;\n\t\t\t\twidth: 50%;\n\t\t\t}\n\t\t\t#gallery-1 img {\n\t\t\t\tborder: 2px solid #cfcfcf;\n\t\t\t}\n\t\t\t#gallery-1 .gallery-caption {\n\t\t\t\tmargin-left: 0;\n\t\t\t}\n\t\t\t\/* see gallery_shortcode() in wp-includes\/media.php *\/\n\t\t<\/style>\n\t\t<div id='gallery-1' class='gallery galleryid-21901 gallery-columns-2 gallery-size-thumbnail'><dl class='gallery-item'>\n\t\t\t<dt class='gallery-icon landscape'>\n\t\t\t\t<a href='https:\/\/www.riogrande.rs.gov.br\/smed\/wp-content\/uploads\/2017\/06\/20170614-ped-formacao-image1.jpg' rel=\"lightbox[21901]\"><img loading=\"lazy\" decoding=\"async\" width=\"150\" height=\"150\" src=\"https:\/\/www.riogrande.rs.gov.br\/smed\/wp-content\/uploads\/2017\/06\/20170614-ped-formacao-image1-150x150.jpg\" class=\"attachment-thumbnail size-thumbnail\" alt=\"\" aria-describedby=\"gallery-1-21902\" \/><\/a>\n\t\t\t<\/dt>\n\t\t\t\t<dd class='wp-caption-text gallery-caption' id='gallery-1-21902'>\n\t\t\t\tCr\u00e9dito: N\u00facleo de Educa\u00e7\u00e3o Infantil\n\t\t\t\t<\/dd><\/dl><dl class='gallery-item'>\n\t\t\t<dt class='gallery-icon portrait'>\n\t\t\t\t<a href='https:\/\/www.riogrande.rs.gov.br\/smed\/wp-content\/uploads\/2017\/06\/20170614-ped-formacao-image2.jpg' rel=\"lightbox[21901]\"><img loading=\"lazy\" decoding=\"async\" width=\"150\" height=\"150\" src=\"https:\/\/www.riogrande.rs.gov.br\/smed\/wp-content\/uploads\/2017\/06\/20170614-ped-formacao-image2-150x150.jpg\" class=\"attachment-thumbnail size-thumbnail\" alt=\"\" aria-describedby=\"gallery-1-21903\" \/><\/a>\n\t\t\t<\/dt>\n\t\t\t\t<dd class='wp-caption-text gallery-caption' id='gallery-1-21903'>\n\t\t\t\tCr\u00e9dito: N\u00facleo de Educa\u00e7\u00e3o Infantil\n\t\t\t\t<\/dd><\/dl><br style=\"clear: both\" \/><dl class='gallery-item'>\n\t\t\t<dt class='gallery-icon landscape'>\n\t\t\t\t<a href='https:\/\/www.riogrande.rs.gov.br\/smed\/wp-content\/uploads\/2017\/06\/20170614-ped-formacao-image3.jpg' rel=\"lightbox[21901]\"><img loading=\"lazy\" decoding=\"async\" width=\"150\" height=\"150\" src=\"https:\/\/www.riogrande.rs.gov.br\/smed\/wp-content\/uploads\/2017\/06\/20170614-ped-formacao-image3-150x150.jpg\" class=\"attachment-thumbnail size-thumbnail\" alt=\"\" aria-describedby=\"gallery-1-21904\" \/><\/a>\n\t\t\t<\/dt>\n\t\t\t\t<dd class='wp-caption-text gallery-caption' id='gallery-1-21904'>\n\t\t\t\tCr\u00e9dito: N\u00facleo de Educa\u00e7\u00e3o Infantil\n\t\t\t\t<\/dd><\/dl><dl class='gallery-item'>\n\t\t\t<dt class='gallery-icon portrait'>\n\t\t\t\t<a href='https:\/\/www.riogrande.rs.gov.br\/smed\/wp-content\/uploads\/2017\/06\/20170614-ped-formacao-image4.jpg' rel=\"lightbox[21901]\"><img loading=\"lazy\" decoding=\"async\" width=\"150\" height=\"150\" src=\"https:\/\/www.riogrande.rs.gov.br\/smed\/wp-content\/uploads\/2017\/06\/20170614-ped-formacao-image4-150x150.jpg\" class=\"attachment-thumbnail size-thumbnail\" alt=\"\" aria-describedby=\"gallery-1-21905\" \/><\/a>\n\t\t\t<\/dt>\n\t\t\t\t<dd class='wp-caption-text gallery-caption' id='gallery-1-21905'>\n\t\t\t\tCr\u00e9dito: N\u00facleo de Educa\u00e7\u00e3o Infantil\n\t\t\t\t<\/dd><\/dl><br style=\"clear: both\" \/>\n\t\t<\/div>\n\n<p style=\"text-align: justify;\">No dia <b>23 de maio<\/b>, a Secretaria de Munic\u00edpio da Educa\u00e7\u00e3o de Rio Grande (SMEd), atrav\u00e9s da parceria entre os N\u00facleos de Educa\u00e7\u00e3o Infantil e dos Anos Finais, promoveu encontro de forma\u00e7\u00e3o continuada para os professores das Escolas de Educa\u00e7\u00e3o Infantil Conveniadas.<\/p>\n<p style=\"text-align: justify;\"><!--more--><\/p>\n<p style=\"text-align: justify;\">\n<p style=\"text-align: justify;\">Com a tem\u00e1tica \u201c<b>Esporte Educacional na Educa\u00e7\u00e3o Infantil<\/b>\u201d, a professora Leontine Santos, Assessora de Educa\u00e7\u00e3o F\u00edsica do N\u00facleo dos Anos Finais, abordou em sua fala a import\u00e2ncia da Educa\u00e7\u00e3o F\u00edsica com as crian\u00e7as bem pequenas, pois elas se encontram em pleno desenvolvimento, onde os primeiros movimentos com o corpo come\u00e7am a surgir com as brincadeiras que envolvem coordena\u00e7\u00e3o motora, equil\u00edbrio, no\u00e7\u00e3o de espa\u00e7o e, por isso, destaca-se a import\u00e2ncia de oportunizar \u00a0atividades diversificadas que possibilitem ao professor acrescer em sua pr\u00e1tica essas viv\u00eancias t\u00e3o importantes para o cotidiano da Educa\u00e7\u00e3o \u00a0Infantil.<\/p>\n<p style=\"text-align: justify;\">Durante o encontro, o grupo de professores p\u00f4de vivenciar diversas atividades pr\u00e1ticas, ao \u00a0passo que refletiram sobre como essas atividades s\u00e3o importantes nas propostas pedag\u00f3gicas da Educa\u00e7\u00e3o Infantil, quando promovidas com intencionalidade e agregadas ao cotidiano.<\/p>\n<p>&nbsp;<\/p>\n<p style=\"text-align: right;\"><em>SMEd<\/em><br \/>\n<em> Roberton Reis<\/em><br \/>\n<em> Com informa\u00e7\u00f5es do N\u00facleo de Educa\u00e7\u00e3o Infantil<\/em><\/p>\n","protected":false},"excerpt":{"rendered":"<p>No dia 23 de maio, a Secretaria de Munic\u00edpio da Educa\u00e7\u00e3o de Rio Grande (SMEd), atrav\u00e9s da parceria entre os N\u00facleos de Educa\u00e7\u00e3o Infantil e dos Anos Finais, promoveu encontro de forma\u00e7\u00e3o continuada para os professores das Escolas de Educa\u00e7\u00e3o Infantil Conveniadas.<\/p>\n","protected":false},"author":7,"featured_media":0,"comment_status":"closed","ping_status":"closed","sticky":false,"template":"","format":"standard","meta":{"footnotes":""},"categories":[1],"tags":[],"class_list":["post-21901","post","type-post","status-publish","format-standard","hentry","category-noticias"],"_links":{"self":[{"href":"https:\/\/www.riogrande.rs.gov.br\/smed\/index.php?rest_route=\/wp\/v2\/posts\/21901"}],"collection":[{"href":"https:\/\/www.riogrande.rs.gov.br\/smed\/index.php?rest_route=\/wp\/v2\/posts"}],"about":[{"href":"https:\/\/www.riogrande.rs.gov.br\/smed\/index.php?rest_route=\/wp\/v2\/types\/post"}],"author":[{"embeddable":true,"href":"https:\/\/www.riogrande.rs.gov.br\/smed\/index.php?rest_route=\/wp\/v2\/users\/7"}],"replies":[{"embeddable":true,"href":"https:\/\/www.riogrande.rs.gov.br\/smed\/index.php?rest_route=%2Fwp%2Fv2%2Fcomments&post=21901"}],"version-history":[{"count":1,"href":"https:\/\/www.riogrande.rs.gov.br\/smed\/index.php?rest_route=\/wp\/v2\/posts\/21901\/revisions"}],"predecessor-version":[{"id":21906,"href":"https:\/\/www.riogrande.rs.gov.br\/smed\/index.php?rest_route=\/wp\/v2\/posts\/21901\/revisions\/21906"}],"wp:attachment":[{"href":"https:\/\/www.riogrande.rs.gov.br\/smed\/index.php?rest_route=%2Fwp%2Fv2%2Fmedia&parent=21901"}],"wp:term":[{"taxonomy":"category","embeddable":true,"href":"https:\/\/www.riogrande.rs.gov.br\/smed\/index.php?rest_route=%2Fwp%2Fv2%2Fcategories&post=21901"},{"taxonomy":"post_tag","embeddable":true,"href":"https:\/\/www.riogrande.rs.gov.br\/smed\/index.php?rest_route=%2Fwp%2Fv2%2Ftags&post=21901"}],"curies":[{"name":"wp","href":"https:\/\/api.w.org\/{rel}","templated":true}]}}