{"id":21896,"date":"2017-06-14T15:31:25","date_gmt":"2017-06-14T18:31:25","guid":{"rendered":"http:\/\/www.riogrande.rs.gov.br\/smed\/?p=21896"},"modified":"2017-06-14T19:31:07","modified_gmt":"2017-06-14T22:31:07","slug":"secretario-da-educacao-recebeu-a-comissao-organizadora-dos-280-anos-da-cidade-do-rio-grande","status":"publish","type":"post","link":"https:\/\/www.riogrande.rs.gov.br\/smed\/?p=21896","title":{"rendered":"Secret\u00e1rio da Educa\u00e7\u00e3o recebeu a \u201cComiss\u00e3o Organizadora dos 280 anos da cidade do Rio Grande\u201d"},"content":{"rendered":"\n\t\t<style type=\"text\/css\">\n\t\t\t#gallery-1 {\n\t\t\t\tmargin: auto;\n\t\t\t}\n\t\t\t#gallery-1 .gallery-item {\n\t\t\t\tfloat: left;\n\t\t\t\tmargin-top: 10px;\n\t\t\t\ttext-align: center;\n\t\t\t\twidth: 33%;\n\t\t\t}\n\t\t\t#gallery-1 img {\n\t\t\t\tborder: 2px solid #cfcfcf;\n\t\t\t}\n\t\t\t#gallery-1 .gallery-caption {\n\t\t\t\tmargin-left: 0;\n\t\t\t}\n\t\t\t\/* see gallery_shortcode() in wp-includes\/media.php *\/\n\t\t<\/style>\n\t\t<div id='gallery-1' class='gallery galleryid-21896 gallery-columns-3 gallery-size-thumbnail'><dl class='gallery-item'>\n\t\t\t<dt class='gallery-icon landscape'>\n\t\t\t\t<a href='https:\/\/www.riogrande.rs.gov.br\/smed\/wp-content\/uploads\/2017\/06\/20170614-ped-280anos-image1.jpg' rel=\"lightbox[21896]\"><img loading=\"lazy\" decoding=\"async\" width=\"150\" height=\"150\" src=\"https:\/\/www.riogrande.rs.gov.br\/smed\/wp-content\/uploads\/2017\/06\/20170614-ped-280anos-image1-150x150.jpg\" class=\"attachment-thumbnail size-thumbnail\" alt=\"\" aria-describedby=\"gallery-1-21897\" \/><\/a>\n\t\t\t<\/dt>\n\t\t\t\t<dd class='wp-caption-text gallery-caption' id='gallery-1-21897'>\n\t\t\t\tCr\u00e9dito: Roberton Reis\n\t\t\t\t<\/dd><\/dl><dl class='gallery-item'>\n\t\t\t<dt class='gallery-icon landscape'>\n\t\t\t\t<a href='https:\/\/www.riogrande.rs.gov.br\/smed\/wp-content\/uploads\/2017\/06\/20170614-ped-280anos-image2.jpg' rel=\"lightbox[21896]\"><img loading=\"lazy\" decoding=\"async\" width=\"150\" height=\"150\" src=\"https:\/\/www.riogrande.rs.gov.br\/smed\/wp-content\/uploads\/2017\/06\/20170614-ped-280anos-image2-150x150.jpg\" class=\"attachment-thumbnail size-thumbnail\" alt=\"\" aria-describedby=\"gallery-1-21898\" \/><\/a>\n\t\t\t<\/dt>\n\t\t\t\t<dd class='wp-caption-text gallery-caption' id='gallery-1-21898'>\n\t\t\t\tCr\u00e9dito: Roberton Reis\n\t\t\t\t<\/dd><\/dl><dl class='gallery-item'>\n\t\t\t<dt class='gallery-icon landscape'>\n\t\t\t\t<a href='https:\/\/www.riogrande.rs.gov.br\/smed\/wp-content\/uploads\/2017\/06\/20170614-ped-280anos-image3.jpg' rel=\"lightbox[21896]\"><img loading=\"lazy\" decoding=\"async\" width=\"150\" height=\"150\" src=\"https:\/\/www.riogrande.rs.gov.br\/smed\/wp-content\/uploads\/2017\/06\/20170614-ped-280anos-image3-150x150.jpg\" class=\"attachment-thumbnail size-thumbnail\" alt=\"\" aria-describedby=\"gallery-1-21899\" \/><\/a>\n\t\t\t<\/dt>\n\t\t\t\t<dd class='wp-caption-text gallery-caption' id='gallery-1-21899'>\n\t\t\t\tCr\u00e9dito: Roberton Reis\n\t\t\t\t<\/dd><\/dl><br style=\"clear: both\" \/>\n\t\t<\/div>\n\n<p style=\"text-align: justify;\">Na tarde do dia <b>06 de junho<\/b>, o secret\u00e1rio de Munic\u00edpio da Educa\u00e7\u00e3o de Rio Grande, Andr\u00e9 Lemes da Silva, juntamente com a secret\u00e1ria-Adjunta, Neci Bandeira; o superintendente de Gest\u00e3o Pedag\u00f3gica, Felipe Alonso; a gerente Pedag\u00f3gica, D\u00e9bora Oliveira; e a chefe de Gabinete, Adriana Carvalho; recebeu em seu Gabinete a \u201c<b>Comiss\u00e3o Organizadora dos 280 anos da cidade do Rio Grande<\/b>\u201d, que \u00e9 presidida pela primeira-dama Eunice Lindenmeyer.<\/p>\n<p><!--more--><\/p>\n<p>&nbsp;<\/p>\n<p style=\"text-align: justify;\">Durante a reuni\u00e3o, foram apresentadas e avaliadas as atividades realizadas pela Secretaria e pelas escolas da rede p\u00fablica municipal de ensino relativas \u00e0 comemora\u00e7\u00e3o dos \u201c<b>280 anos de funda\u00e7\u00e3o do Munic\u00edpio<\/b>\u201d. Na oportunidade, tamb\u00e9m foi refor\u00e7ada a parceria firmada para futuros projetos entre a SMEd e a Prefeitura do Rio Grande, no que diz respeito ao anivers\u00e1rio da Cidade, incluindo os \u201c<b>Desfiles Escolares<\/b>\u201d com a tem\u00e1tica dos \u201c2<b>80 anos<\/b>\u201d, a presen\u00e7a da Comiss\u00e3o em reuni\u00e3o com gestores das escolas municipais, entre outros.<\/p>\n<p style=\"text-align: justify;\">Acompanharam o encontro os membros da Comiss\u00e3o, secret\u00e1ria de Munic\u00edpio de Turismo, Esporte e Lazer (SMTEL), Surama Santos; Liziane de Lima, assessora de governo e Daniela Rodrigues, chefe-Adjunta do gabinete do prefeito.<\/p>\n<p>&nbsp;<\/p>\n<p style=\"text-align: right;\"><em>SMEd<\/em><br \/>\n<em> Roberton Reis<\/em><\/p>\n","protected":false},"excerpt":{"rendered":"<p>Na tarde do dia 06 de junho, o secret\u00e1rio de Munic\u00edpio da Educa\u00e7\u00e3o de Rio Grande, Andr\u00e9 Lemes da Silva, juntamente com a secret\u00e1ria-Adjunta, Neci Bandeira; o superintendente de Gest\u00e3o Pedag\u00f3gica, Felipe Alonso; a gerente Pedag\u00f3gica, D\u00e9bora Oliveira; e a chefe de Gabinete, Adriana Carvalho; recebeu em seu Gabinete a \u201cComiss\u00e3o Organizadora dos 280 anos [&hellip;]<\/p>\n","protected":false},"author":7,"featured_media":0,"comment_status":"closed","ping_status":"closed","sticky":false,"template":"","format":"standard","meta":{"footnotes":""},"categories":[45,1,13],"tags":[],"class_list":["post-21896","post","type-post","status-publish","format-standard","hentry","category-280anosriogrande","category-noticias","category-pedagogico"],"_links":{"self":[{"href":"https:\/\/www.riogrande.rs.gov.br\/smed\/index.php?rest_route=\/wp\/v2\/posts\/21896"}],"collection":[{"href":"https:\/\/www.riogrande.rs.gov.br\/smed\/index.php?rest_route=\/wp\/v2\/posts"}],"about":[{"href":"https:\/\/www.riogrande.rs.gov.br\/smed\/index.php?rest_route=\/wp\/v2\/types\/post"}],"author":[{"embeddable":true,"href":"https:\/\/www.riogrande.rs.gov.br\/smed\/index.php?rest_route=\/wp\/v2\/users\/7"}],"replies":[{"embeddable":true,"href":"https:\/\/www.riogrande.rs.gov.br\/smed\/index.php?rest_route=%2Fwp%2Fv2%2Fcomments&post=21896"}],"version-history":[{"count":1,"href":"https:\/\/www.riogrande.rs.gov.br\/smed\/index.php?rest_route=\/wp\/v2\/posts\/21896\/revisions"}],"predecessor-version":[{"id":21900,"href":"https:\/\/www.riogrande.rs.gov.br\/smed\/index.php?rest_route=\/wp\/v2\/posts\/21896\/revisions\/21900"}],"wp:attachment":[{"href":"https:\/\/www.riogrande.rs.gov.br\/smed\/index.php?rest_route=%2Fwp%2Fv2%2Fmedia&parent=21896"}],"wp:term":[{"taxonomy":"category","embeddable":true,"href":"https:\/\/www.riogrande.rs.gov.br\/smed\/index.php?rest_route=%2Fwp%2Fv2%2Fcategories&post=21896"},{"taxonomy":"post_tag","embeddable":true,"href":"https:\/\/www.riogrande.rs.gov.br\/smed\/index.php?rest_route=%2Fwp%2Fv2%2Ftags&post=21896"}],"curies":[{"name":"wp","href":"https:\/\/api.w.org\/{rel}","templated":true}]}}