{"id":20922,"date":"2017-03-20T21:03:41","date_gmt":"2017-03-21T00:03:41","guid":{"rendered":"http:\/\/www.riogrande.rs.gov.br\/smed\/?p=20922"},"modified":"2017-03-20T21:04:51","modified_gmt":"2017-03-21T00:04:51","slug":"escola-de-belas-artes-heitor-de-lemos-comemora-95-anos","status":"publish","type":"post","link":"https:\/\/www.riogrande.rs.gov.br\/smed\/?p=20922","title":{"rendered":"ESCOLA DE BELAS ARTES HEITOR DE LEMOS COMEMORA 95 ANOS"},"content":{"rendered":"<div id=\"attachment_20924\" style=\"width: 495px\" class=\"wp-caption aligncenter\"><a href=\"http:\/\/www.riogrande.rs.gov.br\/smed\/wp-content\/uploads\/2017\/03\/20170320-agora1.jpg\" rel=\"lightbox[20922]\"><img loading=\"lazy\" decoding=\"async\" aria-describedby=\"caption-attachment-20924\" class=\"size-medium wp-image-20924\" src=\"http:\/\/www.riogrande.rs.gov.br\/smed\/wp-content\/uploads\/2017\/03\/20170320-agora1-485x364.jpg\" alt=\"\" width=\"485\" height=\"364\" srcset=\"https:\/\/www.riogrande.rs.gov.br\/smed\/wp-content\/uploads\/2017\/03\/20170320-agora1-485x364.jpg 485w, https:\/\/www.riogrande.rs.gov.br\/smed\/wp-content\/uploads\/2017\/03\/20170320-agora1-276x207.jpg 276w, https:\/\/www.riogrande.rs.gov.br\/smed\/wp-content\/uploads\/2017\/03\/20170320-agora1.jpg 640w\" sizes=\"(max-width: 485px) 100vw, 485px\" \/><\/a><p id=\"caption-attachment-20924\" class=\"wp-caption-text\">Divulga\u00e7\u00e3o<\/p><\/div>\n<p style=\"text-align: justify;\">Fonte: <a href=\"http:\/\/www.jornalagora.com.br\/site\/content\/noticias\/detalhe.php?e=1&amp;n=94151\" target=\"_blank\"><strong>www.jornalagora.com.br<\/strong><\/a><\/p>\n<p>No pr\u00f3ximo dia 1\u00ba de abril, a Escola de Belas Artes Heitor de Lemos completa 95 anos de atua\u00e7\u00e3o na cidade do Rio Grande. Durante sua exist\u00eancia, in\u00fameros foram os alunos e artistas que por ali passaram, movimentando a arte e a cultura do Munic\u00edpio.<\/p>\n<p style=\"text-align: justify;\"><!--more--><\/p>\n<p style=\"text-align: justify;\">Para comemorar este anivers\u00e1rio, a equipe da Escola de Belas Artes est\u00e1 programando um ano inteiro de eventos, e uma programa\u00e7\u00e3o ainda mais intensa no m\u00eas de abril.<\/p>\n<p style=\"text-align: justify;\">Abrindo as comemora\u00e7\u00f5es, acontecer\u00e1 o Jantar de anivers\u00e1rio, no dia 1\u00ba de abril, no Restaurante Marcos do Pra\u00e7a Rio Grande Shopping. Os ingressos para o Jantar j\u00e1 est\u00e3o \u00e0 venda na secretaria da Escola de Belas Artes (rua Jockey Clube, 194). Informa\u00e7\u00f5es pelo telefone 3230.3498.<\/p>\n","protected":false},"excerpt":{"rendered":"<p>Fonte: www.jornalagora.com.br No pr\u00f3ximo dia 1\u00ba de abril, a Escola de Belas Artes Heitor de Lemos completa 95 anos de atua\u00e7\u00e3o na cidade do Rio Grande. Durante sua exist\u00eancia, in\u00fameros foram os alunos e artistas que por ali passaram, movimentando a arte e a cultura do Munic\u00edpio.<\/p>\n","protected":false},"author":7,"featured_media":0,"comment_status":"closed","ping_status":"closed","sticky":false,"template":"","format":"standard","meta":{"footnotes":""},"categories":[1],"tags":[],"class_list":["post-20922","post","type-post","status-publish","format-standard","hentry","category-noticias"],"_links":{"self":[{"href":"https:\/\/www.riogrande.rs.gov.br\/smed\/index.php?rest_route=\/wp\/v2\/posts\/20922"}],"collection":[{"href":"https:\/\/www.riogrande.rs.gov.br\/smed\/index.php?rest_route=\/wp\/v2\/posts"}],"about":[{"href":"https:\/\/www.riogrande.rs.gov.br\/smed\/index.php?rest_route=\/wp\/v2\/types\/post"}],"author":[{"embeddable":true,"href":"https:\/\/www.riogrande.rs.gov.br\/smed\/index.php?rest_route=\/wp\/v2\/users\/7"}],"replies":[{"embeddable":true,"href":"https:\/\/www.riogrande.rs.gov.br\/smed\/index.php?rest_route=%2Fwp%2Fv2%2Fcomments&post=20922"}],"version-history":[{"count":3,"href":"https:\/\/www.riogrande.rs.gov.br\/smed\/index.php?rest_route=\/wp\/v2\/posts\/20922\/revisions"}],"predecessor-version":[{"id":20926,"href":"https:\/\/www.riogrande.rs.gov.br\/smed\/index.php?rest_route=\/wp\/v2\/posts\/20922\/revisions\/20926"}],"wp:attachment":[{"href":"https:\/\/www.riogrande.rs.gov.br\/smed\/index.php?rest_route=%2Fwp%2Fv2%2Fmedia&parent=20922"}],"wp:term":[{"taxonomy":"category","embeddable":true,"href":"https:\/\/www.riogrande.rs.gov.br\/smed\/index.php?rest_route=%2Fwp%2Fv2%2Fcategories&post=20922"},{"taxonomy":"post_tag","embeddable":true,"href":"https:\/\/www.riogrande.rs.gov.br\/smed\/index.php?rest_route=%2Fwp%2Fv2%2Ftags&post=20922"}],"curies":[{"name":"wp","href":"https:\/\/api.w.org\/{rel}","templated":true}]}}