{"id":20903,"date":"2017-03-16T18:45:17","date_gmt":"2017-03-16T21:45:17","guid":{"rendered":"http:\/\/www.riogrande.rs.gov.br\/smed\/?p=20903"},"modified":"2017-03-16T18:45:17","modified_gmt":"2017-03-16T21:45:17","slug":"emee-maria-lucia-luzzardi-retoma-encontros-do-grupo-de-apoio-e-orientacao-as-familias-no-dia-21","status":"publish","type":"post","link":"https:\/\/www.riogrande.rs.gov.br\/smed\/?p=20903","title":{"rendered":"EMEE Maria Lucia Luzzardi retoma encontros do \u201cGrupo de Apoio e Orienta\u00e7\u00e3o \u00e0s Fam\u00edlias\u201d no dia 21"},"content":{"rendered":"<div id=\"attachment_20904\" style=\"width: 495px\" class=\"wp-caption aligncenter\"><a href=\"http:\/\/www.riogrande.rs.gov.br\/smed\/wp-content\/uploads\/2017\/03\/20170316-ped-luzzardi-image00.jpg\" rel=\"lightbox[20903]\"><img loading=\"lazy\" decoding=\"async\" aria-describedby=\"caption-attachment-20904\" class=\"size-medium wp-image-20904\" src=\"http:\/\/www.riogrande.rs.gov.br\/smed\/wp-content\/uploads\/2017\/03\/20170316-ped-luzzardi-image00-485x485.jpg\" alt=\"\" width=\"485\" height=\"485\" srcset=\"https:\/\/www.riogrande.rs.gov.br\/smed\/wp-content\/uploads\/2017\/03\/20170316-ped-luzzardi-image00-485x485.jpg 485w, https:\/\/www.riogrande.rs.gov.br\/smed\/wp-content\/uploads\/2017\/03\/20170316-ped-luzzardi-image00-150x150.jpg 150w, https:\/\/www.riogrande.rs.gov.br\/smed\/wp-content\/uploads\/2017\/03\/20170316-ped-luzzardi-image00-768x768.jpg 768w, https:\/\/www.riogrande.rs.gov.br\/smed\/wp-content\/uploads\/2017\/03\/20170316-ped-luzzardi-image00-207x207.jpg 207w, https:\/\/www.riogrande.rs.gov.br\/smed\/wp-content\/uploads\/2017\/03\/20170316-ped-luzzardi-image00.jpg 800w\" sizes=\"(max-width: 485px) 100vw, 485px\" \/><\/a><p id=\"caption-attachment-20904\" class=\"wp-caption-text\">Divulga\u00e7\u00e3o<\/p><\/div>\n<p style=\"text-align: justify;\">A Escola Municipal de Educa\u00e7\u00e3o Especial <b>Maria Lucia Luzzardi<\/b>, que est\u00e1 localizada na rua General Abreu, 10, informa aos familiares dos seus alunos que na pr\u00f3xima ter\u00e7a-feira, <b>21 de mar\u00e7o<\/b>, retornar\u00e1 a realizar os encontros do \u201c<b>Grupo de Apoio e Orienta\u00e7\u00e3o \u00e0s Fam\u00edlias<\/b>\u201d, que \u00e9 uma parceria entre a Escola e a Associa\u00e7\u00e3o de Pais e Amigos dos Autistas do Rio Grande (AMAR). O primeiro encontro do ano ocorrer\u00e1 em dois turnos: manh\u00e3, \u00e0s <b>9h30min<\/b>; e tarde, \u00e0s <b>14h<\/b>.<\/p>\n<p style=\"text-align: right;\">\n<p style=\"text-align: right;\"><em>SMEd<\/em><br \/>\n<em> Roberton Reis<\/em><br \/>\n<em> Com informa\u00e7\u00f5es da EMEE Maria Lucia Luzzardi<\/em><\/p>\n","protected":false},"excerpt":{"rendered":"<p>A Escola Municipal de Educa\u00e7\u00e3o Especial Maria Lucia Luzzardi, que est\u00e1 localizada na rua General Abreu, 10, informa aos familiares dos seus alunos que na pr\u00f3xima ter\u00e7a-feira, 21 de mar\u00e7o, retornar\u00e1 a realizar os encontros do \u201cGrupo de Apoio e Orienta\u00e7\u00e3o \u00e0s Fam\u00edlias\u201d, que \u00e9 uma parceria entre a Escola e a Associa\u00e7\u00e3o de Pais [&hellip;]<\/p>\n","protected":false},"author":7,"featured_media":0,"comment_status":"closed","ping_status":"closed","sticky":false,"template":"","format":"standard","meta":{"footnotes":""},"categories":[1,13],"tags":[],"class_list":["post-20903","post","type-post","status-publish","format-standard","hentry","category-noticias","category-pedagogico"],"_links":{"self":[{"href":"https:\/\/www.riogrande.rs.gov.br\/smed\/index.php?rest_route=\/wp\/v2\/posts\/20903"}],"collection":[{"href":"https:\/\/www.riogrande.rs.gov.br\/smed\/index.php?rest_route=\/wp\/v2\/posts"}],"about":[{"href":"https:\/\/www.riogrande.rs.gov.br\/smed\/index.php?rest_route=\/wp\/v2\/types\/post"}],"author":[{"embeddable":true,"href":"https:\/\/www.riogrande.rs.gov.br\/smed\/index.php?rest_route=\/wp\/v2\/users\/7"}],"replies":[{"embeddable":true,"href":"https:\/\/www.riogrande.rs.gov.br\/smed\/index.php?rest_route=%2Fwp%2Fv2%2Fcomments&post=20903"}],"version-history":[{"count":1,"href":"https:\/\/www.riogrande.rs.gov.br\/smed\/index.php?rest_route=\/wp\/v2\/posts\/20903\/revisions"}],"predecessor-version":[{"id":20905,"href":"https:\/\/www.riogrande.rs.gov.br\/smed\/index.php?rest_route=\/wp\/v2\/posts\/20903\/revisions\/20905"}],"wp:attachment":[{"href":"https:\/\/www.riogrande.rs.gov.br\/smed\/index.php?rest_route=%2Fwp%2Fv2%2Fmedia&parent=20903"}],"wp:term":[{"taxonomy":"category","embeddable":true,"href":"https:\/\/www.riogrande.rs.gov.br\/smed\/index.php?rest_route=%2Fwp%2Fv2%2Fcategories&post=20903"},{"taxonomy":"post_tag","embeddable":true,"href":"https:\/\/www.riogrande.rs.gov.br\/smed\/index.php?rest_route=%2Fwp%2Fv2%2Ftags&post=20903"}],"curies":[{"name":"wp","href":"https:\/\/api.w.org\/{rel}","templated":true}]}}