{"id":20901,"date":"2017-03-16T18:39:27","date_gmt":"2017-03-16T21:39:27","guid":{"rendered":"http:\/\/www.riogrande.rs.gov.br\/smed\/?p=20901"},"modified":"2017-03-16T18:39:27","modified_gmt":"2017-03-16T21:39:27","slug":"pre-forum-paulo-freire-acontece-na-sexta","status":"publish","type":"post","link":"https:\/\/www.riogrande.rs.gov.br\/smed\/?p=20901","title":{"rendered":"PR\u00c9-F\u00d3RUM PAULO FREIRE ACONTECE NA SEXTA"},"content":{"rendered":"<p style=\"text-align: justify;\">Fonte: <a href=\"http:\/\/jornalagora.com.br\/site\/content\/noticias\/detalhe.php?e=1&amp;n=94012\" target=\"_blank\"><strong>www.jornalagora.com.br<\/strong><\/a><\/p>\n<p style=\"text-align: justify;\">\n<p style=\"text-align: justify;\">Na pr\u00f3xima sexta-feira (17), \u00e0s 10h, no audit\u00f3rio da Sead-Furg, acontece o Pr\u00e9-F\u00f3rum Paulo Freire, com a participa\u00e7\u00e3o do Professor Jaime Zitkoksi &#8211; um dos autores do dicion\u00e1rio Paulo Freire. O evento tem entrada franca e anteceder\u00e1 o F\u00f3rum de Estudos: Leituras de Paulo Freire que ocorre nos dias 1\u00ba, 2 e 3 de junho do Cidec, na Furg.<\/p>\n<p style=\"text-align: justify;\"><!--more--><\/p>\n<p style=\"text-align: justify;\">\n<p style=\"text-align: justify;\"><strong>SOBRE O F\u00d3RUM DE ESTUDOS: LEITURAS DE PAULO FREIRE<\/strong><\/p>\n<p style=\"text-align: justify;\">Desde a sua cria\u00e7\u00e3o em 1999, o F\u00f3rum busca articular os saberes acad\u00eamicos com os saberes oriundos de diferentes pr\u00e1ticas sociais. Para tanto, tem aperfei\u00e7oado os pontos de contato do di\u00e1logo entre as experi\u00eancias de Educa\u00e7\u00e3o Popular, em diferentes contextos. Al\u00e9m das institui\u00e7\u00f5es universit\u00e1rias, o F\u00f3rum Paulo Freire se articula com as escolas, secretarias municipais de Educa\u00e7\u00e3o da regi\u00e3o, movimentos sociais, Organiza\u00e7\u00f5es N\u00e3o Governamentais (ONGs), associa\u00e7\u00f5es populares e entidades que, de alguma forma, comungam com a utopia de uma sociedade mais justa para todos e digna de se viver.<\/p>\n<p style=\"text-align: justify;\">Mais informa\u00e7\u00f5es podem ser obtidas pelo e-mail: forumpaulofreire2017@gmail.com ou pelo telefone (53) 3293.5219.<\/p>\n","protected":false},"excerpt":{"rendered":"<p>Fonte: www.jornalagora.com.br Na pr\u00f3xima sexta-feira (17), \u00e0s 10h, no audit\u00f3rio da Sead-Furg, acontece o Pr\u00e9-F\u00f3rum Paulo Freire, com a participa\u00e7\u00e3o do Professor Jaime Zitkoksi &#8211; um dos autores do dicion\u00e1rio Paulo Freire. O evento tem entrada franca e anteceder\u00e1 o F\u00f3rum de Estudos: Leituras de Paulo Freire que ocorre nos dias 1\u00ba, 2 e 3 [&hellip;]<\/p>\n","protected":false},"author":7,"featured_media":0,"comment_status":"closed","ping_status":"closed","sticky":false,"template":"","format":"standard","meta":{"footnotes":""},"categories":[1],"tags":[],"class_list":["post-20901","post","type-post","status-publish","format-standard","hentry","category-noticias"],"_links":{"self":[{"href":"https:\/\/www.riogrande.rs.gov.br\/smed\/index.php?rest_route=\/wp\/v2\/posts\/20901"}],"collection":[{"href":"https:\/\/www.riogrande.rs.gov.br\/smed\/index.php?rest_route=\/wp\/v2\/posts"}],"about":[{"href":"https:\/\/www.riogrande.rs.gov.br\/smed\/index.php?rest_route=\/wp\/v2\/types\/post"}],"author":[{"embeddable":true,"href":"https:\/\/www.riogrande.rs.gov.br\/smed\/index.php?rest_route=\/wp\/v2\/users\/7"}],"replies":[{"embeddable":true,"href":"https:\/\/www.riogrande.rs.gov.br\/smed\/index.php?rest_route=%2Fwp%2Fv2%2Fcomments&post=20901"}],"version-history":[{"count":1,"href":"https:\/\/www.riogrande.rs.gov.br\/smed\/index.php?rest_route=\/wp\/v2\/posts\/20901\/revisions"}],"predecessor-version":[{"id":20902,"href":"https:\/\/www.riogrande.rs.gov.br\/smed\/index.php?rest_route=\/wp\/v2\/posts\/20901\/revisions\/20902"}],"wp:attachment":[{"href":"https:\/\/www.riogrande.rs.gov.br\/smed\/index.php?rest_route=%2Fwp%2Fv2%2Fmedia&parent=20901"}],"wp:term":[{"taxonomy":"category","embeddable":true,"href":"https:\/\/www.riogrande.rs.gov.br\/smed\/index.php?rest_route=%2Fwp%2Fv2%2Fcategories&post=20901"},{"taxonomy":"post_tag","embeddable":true,"href":"https:\/\/www.riogrande.rs.gov.br\/smed\/index.php?rest_route=%2Fwp%2Fv2%2Ftags&post=20901"}],"curies":[{"name":"wp","href":"https:\/\/api.w.org\/{rel}","templated":true}]}}