{"id":20889,"date":"2017-03-15T15:32:28","date_gmt":"2017-03-15T18:32:28","guid":{"rendered":"http:\/\/www.riogrande.rs.gov.br\/smed\/?p=20889"},"modified":"2017-03-15T15:33:30","modified_gmt":"2017-03-15T18:33:30","slug":"secretaria-de-educacao-faz-chamamento-para-o-final-do-periodo-de-inscricoes-da-obmep","status":"publish","type":"post","link":"https:\/\/www.riogrande.rs.gov.br\/smed\/?p=20889","title":{"rendered":"SECRETARIA DE EDUCA\u00c7\u00c3O FAZ CHAMAMENTO PARA O FINAL DO PER\u00cdODO DE INSCRI\u00c7\u00d5ES DA OBMEP"},"content":{"rendered":"<div id=\"attachment_20891\" style=\"width: 495px\" class=\"wp-caption aligncenter\"><a href=\"http:\/\/www.riogrande.rs.gov.br\/smed\/wp-content\/uploads\/2017\/03\/20170315-pmrg1.jpg\" rel=\"lightbox[20889]\"><img loading=\"lazy\" decoding=\"async\" aria-describedby=\"caption-attachment-20891\" class=\"size-medium wp-image-20891\" src=\"http:\/\/www.riogrande.rs.gov.br\/smed\/wp-content\/uploads\/2017\/03\/20170315-pmrg1-485x215.jpg\" alt=\"\" width=\"485\" height=\"215\" srcset=\"https:\/\/www.riogrande.rs.gov.br\/smed\/wp-content\/uploads\/2017\/03\/20170315-pmrg1-485x215.jpg 485w, https:\/\/www.riogrande.rs.gov.br\/smed\/wp-content\/uploads\/2017\/03\/20170315-pmrg1-467x207.jpg 467w, https:\/\/www.riogrande.rs.gov.br\/smed\/wp-content\/uploads\/2017\/03\/20170315-pmrg1.jpg 700w\" sizes=\"(max-width: 485px) 100vw, 485px\" \/><\/a><p id=\"caption-attachment-20891\" class=\"wp-caption-text\">Divulga\u00e7\u00e3o<\/p><\/div>\n<p style=\"text-align: justify;\">Fonte: <strong>www.riogrande.rs.gov.br<\/strong><\/p>\n<p style=\"text-align: justify;\">A Secretaria de Munic\u00edpio da Educa\u00e7\u00e3o de Rio Grande (SMEd), atrav\u00e9s da Assessoria de Matem\u00e1tica do N\u00facleo dos Anos Finais, informa que o per\u00edodo de inscri\u00e7\u00f5es para a 13\u00aa Olimp\u00edada Brasileira de Matem\u00e1tica das Escolas P\u00fablicas (OBMEP), que iniciou no dia 20 de fevereiro, encerrar\u00e1 no dia 31 de mar\u00e7o.<\/p>\n<p style=\"text-align: justify;\"><!--more--><\/p>\n<p style=\"text-align: justify;\">A OBMEP \u00e9 uma realiza\u00e7\u00e3o do Instituto Nacional de Matem\u00e1tica Pura e Aplicada (IMPA) e tem como objetivo estimular o estudo da Matem\u00e1tica e revelar talentos na \u00e1rea. As inscri\u00e7\u00f5es dever\u00e3o ser realizadas exclusivamente no site: <a href=\"http:\/\/www.obmep.org.br\/\" target=\"_blank\"><strong>www.obmep.org.br<\/strong><\/a>.<\/p>\n<p style=\"text-align: justify;\">Na 12\u00aa Olimp\u00edada Brasileira de Matem\u00e1tica das Escolas P\u00fablicas, a Rede P\u00fablica Municipal de Ensino de Rio Grande teve um medalhista de prata, um de bronze e treze estudantes com Men\u00e7\u00f5es Honrosas. Para ver a lista com o resultado dos alunos da Rede Municipal na 12\u00aa OBMEP clique <a href=\"http:\/\/www.riogrande.rs.gov.br\/smed\/wp-content\/uploads\/2017\/03\/20170309-resultado_12obmep.pdf\" target=\"_blank\"><strong>aqui<\/strong><\/a>.<\/p>\n<p style=\"text-align: right;\"><em>Com informa\u00e7\u00f5es SMEd<\/em><\/p>\n","protected":false},"excerpt":{"rendered":"<p>Fonte: www.riogrande.rs.gov.br A Secretaria de Munic\u00edpio da Educa\u00e7\u00e3o de Rio Grande (SMEd), atrav\u00e9s da Assessoria de Matem\u00e1tica do N\u00facleo dos Anos Finais, informa que o per\u00edodo de inscri\u00e7\u00f5es para a 13\u00aa Olimp\u00edada Brasileira de Matem\u00e1tica das Escolas P\u00fablicas (OBMEP), que iniciou no dia 20 de fevereiro, encerrar\u00e1 no dia 31 de mar\u00e7o.<\/p>\n","protected":false},"author":7,"featured_media":0,"comment_status":"closed","ping_status":"closed","sticky":false,"template":"","format":"standard","meta":{"footnotes":""},"categories":[1],"tags":[],"class_list":["post-20889","post","type-post","status-publish","format-standard","hentry","category-noticias"],"_links":{"self":[{"href":"https:\/\/www.riogrande.rs.gov.br\/smed\/index.php?rest_route=\/wp\/v2\/posts\/20889"}],"collection":[{"href":"https:\/\/www.riogrande.rs.gov.br\/smed\/index.php?rest_route=\/wp\/v2\/posts"}],"about":[{"href":"https:\/\/www.riogrande.rs.gov.br\/smed\/index.php?rest_route=\/wp\/v2\/types\/post"}],"author":[{"embeddable":true,"href":"https:\/\/www.riogrande.rs.gov.br\/smed\/index.php?rest_route=\/wp\/v2\/users\/7"}],"replies":[{"embeddable":true,"href":"https:\/\/www.riogrande.rs.gov.br\/smed\/index.php?rest_route=%2Fwp%2Fv2%2Fcomments&post=20889"}],"version-history":[{"count":2,"href":"https:\/\/www.riogrande.rs.gov.br\/smed\/index.php?rest_route=\/wp\/v2\/posts\/20889\/revisions"}],"predecessor-version":[{"id":20892,"href":"https:\/\/www.riogrande.rs.gov.br\/smed\/index.php?rest_route=\/wp\/v2\/posts\/20889\/revisions\/20892"}],"wp:attachment":[{"href":"https:\/\/www.riogrande.rs.gov.br\/smed\/index.php?rest_route=%2Fwp%2Fv2%2Fmedia&parent=20889"}],"wp:term":[{"taxonomy":"category","embeddable":true,"href":"https:\/\/www.riogrande.rs.gov.br\/smed\/index.php?rest_route=%2Fwp%2Fv2%2Fcategories&post=20889"},{"taxonomy":"post_tag","embeddable":true,"href":"https:\/\/www.riogrande.rs.gov.br\/smed\/index.php?rest_route=%2Fwp%2Fv2%2Ftags&post=20889"}],"curies":[{"name":"wp","href":"https:\/\/api.w.org\/{rel}","templated":true}]}}