{"id":20885,"date":"2017-03-14T17:16:41","date_gmt":"2017-03-14T20:16:41","guid":{"rendered":"http:\/\/www.riogrande.rs.gov.br\/smed\/?p=20885"},"modified":"2017-03-14T17:17:43","modified_gmt":"2017-03-14T20:17:43","slug":"alunos-da-emef-frederico-ernesto-buchholz-visitaram-a-prefeitura-do-rio-grande","status":"publish","type":"post","link":"https:\/\/www.riogrande.rs.gov.br\/smed\/?p=20885","title":{"rendered":"ALUNOS DA EMEF FREDERICO ERNESTO BUCHHOLZ VISITARAM A PREFEITURA DO RIO GRANDE"},"content":{"rendered":"<div id=\"attachment_20886\" style=\"width: 495px\" class=\"wp-caption aligncenter\"><a href=\"http:\/\/www.riogrande.rs.gov.br\/smed\/wp-content\/uploads\/2017\/03\/20170314-pmrg1.jpg\" rel=\"lightbox[20885]\"><img loading=\"lazy\" decoding=\"async\" aria-describedby=\"caption-attachment-20886\" class=\"size-medium wp-image-20886\" src=\"http:\/\/www.riogrande.rs.gov.br\/smed\/wp-content\/uploads\/2017\/03\/20170314-pmrg1-485x279.jpg\" alt=\"\" width=\"485\" height=\"279\" srcset=\"https:\/\/www.riogrande.rs.gov.br\/smed\/wp-content\/uploads\/2017\/03\/20170314-pmrg1-485x279.jpg 485w, https:\/\/www.riogrande.rs.gov.br\/smed\/wp-content\/uploads\/2017\/03\/20170314-pmrg1-360x207.jpg 360w, https:\/\/www.riogrande.rs.gov.br\/smed\/wp-content\/uploads\/2017\/03\/20170314-pmrg1.jpg 700w\" sizes=\"(max-width: 485px) 100vw, 485px\" \/><\/a><p id=\"caption-attachment-20886\" class=\"wp-caption-text\">Cr\u00e9dito: Marcos Jatahy<\/p><\/div>\n<p style=\"text-align: justify;\">Fonte: <a href=\"http:\/\/www.riogrande.rs.gov.br\/pagina\/index.php\/noticias\/detalhes+1406dac,,vice-prefeito-e-primeira-dama-recebem-alunos-da-escola-municipal-frederico-ernesto-buchholz.html#.WMhP17OQm-t\" target=\"_blank\"><strong>www.riogrande.rs.gov.br<\/strong><\/a><\/p>\n<p style=\"text-align: justify;\">Na tarde desta ter\u00e7a-feira (14) o vice-prefeito Renato Gomes e a primeira-dama do Munic\u00edpio Eunice Lindenmeyer receberam , a sede da Prefeitura do Rio Grande, os alunos das turmas do quarto ano da Escola Municipal Frederico Ernesto Buchholz. Os alunos, que estavam visitando o Centro Hist\u00f3rico de Rio Grande, tinham na sede da Prefeitura uma parada para visita\u00e7\u00e3o.<\/p>\n<p style=\"text-align: justify;\"><!--more--><\/p>\n<p style=\"text-align: justify;\">Na ocasi\u00e3o os estudantes trouxeram um bolo art\u00edstico confeccionado por eles mesmos para comemorar os 280 anos do Munic\u00edpio e uma lembran\u00e7a ao prefeito, que est\u00e1 em Porto Alegre cumprindo agenda.<\/p>\n<p style=\"text-align: justify;\">\u201c<strong>Os meninos e as meninas podem amanh\u00e3 ser prefeitos e prefeitas de Rio Grande. Neste pr\u00e9dio \u00e9 o local em que algumas atitudes s\u00e3o tomadas para o beneficio da nossa comunidade. \u00c9 muito importante que voc\u00eas estudem n\u00e3o s\u00f3 para se tornarem prefeitos, mas professores, engenheiros, o que voc\u00eas quiseram, mas a educa\u00e7\u00e3o \u00e9 tudo.<\/strong>\u201d Disse o vice-prefeito Renato Gomes durante a recep\u00e7\u00e3o aos estudantes.<\/p>\n<p style=\"text-align: right;\"><em>Assessoria de Comunica\u00e7\u00e3o\/PMRG<\/em><\/p>\n<p>&nbsp;<\/p>\n","protected":false},"excerpt":{"rendered":"<p>Fonte: www.riogrande.rs.gov.br Na tarde desta ter\u00e7a-feira (14) o vice-prefeito Renato Gomes e a primeira-dama do Munic\u00edpio Eunice Lindenmeyer receberam , a sede da Prefeitura do Rio Grande, os alunos das turmas do quarto ano da Escola Municipal Frederico Ernesto Buchholz. Os alunos, que estavam visitando o Centro Hist\u00f3rico de Rio Grande, tinham na sede da [&hellip;]<\/p>\n","protected":false},"author":7,"featured_media":0,"comment_status":"closed","ping_status":"closed","sticky":false,"template":"","format":"standard","meta":{"footnotes":""},"categories":[1],"tags":[],"class_list":["post-20885","post","type-post","status-publish","format-standard","hentry","category-noticias"],"_links":{"self":[{"href":"https:\/\/www.riogrande.rs.gov.br\/smed\/index.php?rest_route=\/wp\/v2\/posts\/20885"}],"collection":[{"href":"https:\/\/www.riogrande.rs.gov.br\/smed\/index.php?rest_route=\/wp\/v2\/posts"}],"about":[{"href":"https:\/\/www.riogrande.rs.gov.br\/smed\/index.php?rest_route=\/wp\/v2\/types\/post"}],"author":[{"embeddable":true,"href":"https:\/\/www.riogrande.rs.gov.br\/smed\/index.php?rest_route=\/wp\/v2\/users\/7"}],"replies":[{"embeddable":true,"href":"https:\/\/www.riogrande.rs.gov.br\/smed\/index.php?rest_route=%2Fwp%2Fv2%2Fcomments&post=20885"}],"version-history":[{"count":2,"href":"https:\/\/www.riogrande.rs.gov.br\/smed\/index.php?rest_route=\/wp\/v2\/posts\/20885\/revisions"}],"predecessor-version":[{"id":20888,"href":"https:\/\/www.riogrande.rs.gov.br\/smed\/index.php?rest_route=\/wp\/v2\/posts\/20885\/revisions\/20888"}],"wp:attachment":[{"href":"https:\/\/www.riogrande.rs.gov.br\/smed\/index.php?rest_route=%2Fwp%2Fv2%2Fmedia&parent=20885"}],"wp:term":[{"taxonomy":"category","embeddable":true,"href":"https:\/\/www.riogrande.rs.gov.br\/smed\/index.php?rest_route=%2Fwp%2Fv2%2Fcategories&post=20885"},{"taxonomy":"post_tag","embeddable":true,"href":"https:\/\/www.riogrande.rs.gov.br\/smed\/index.php?rest_route=%2Fwp%2Fv2%2Ftags&post=20885"}],"curies":[{"name":"wp","href":"https:\/\/api.w.org\/{rel}","templated":true}]}}