{"id":20872,"date":"2017-03-10T20:44:04","date_gmt":"2017-03-10T23:44:04","guid":{"rendered":"http:\/\/www.riogrande.rs.gov.br\/smed\/?p=20872"},"modified":"2017-03-10T20:44:04","modified_gmt":"2017-03-10T23:44:04","slug":"grupo-de-pesquisa-sexualidade-e-escola-lancou-o-projeto-escolas-promotoras-da-igualdade-de-genero-no-dia-08","status":"publish","type":"post","link":"https:\/\/www.riogrande.rs.gov.br\/smed\/?p=20872","title":{"rendered":"Grupo de Pesquisa Sexualidade e Escola lan\u00e7ou o Projeto \u201cEscolas Promotoras da Igualdade de G\u00eanero\u201d, no dia 08"},"content":{"rendered":"<div id=\"attachment_20873\" style=\"width: 495px\" class=\"wp-caption aligncenter\"><a href=\"http:\/\/www.riogrande.rs.gov.br\/smed\/wp-content\/uploads\/2017\/03\/20170310-ped-pesquisa-image00.jpg\" rel=\"lightbox[20872]\"><img loading=\"lazy\" decoding=\"async\" aria-describedby=\"caption-attachment-20873\" class=\"size-medium wp-image-20873\" src=\"http:\/\/www.riogrande.rs.gov.br\/smed\/wp-content\/uploads\/2017\/03\/20170310-ped-pesquisa-image00-485x364.jpg\" alt=\"\" width=\"485\" height=\"364\" srcset=\"https:\/\/www.riogrande.rs.gov.br\/smed\/wp-content\/uploads\/2017\/03\/20170310-ped-pesquisa-image00-485x364.jpg 485w, https:\/\/www.riogrande.rs.gov.br\/smed\/wp-content\/uploads\/2017\/03\/20170310-ped-pesquisa-image00-768x576.jpg 768w, https:\/\/www.riogrande.rs.gov.br\/smed\/wp-content\/uploads\/2017\/03\/20170310-ped-pesquisa-image00-276x207.jpg 276w, https:\/\/www.riogrande.rs.gov.br\/smed\/wp-content\/uploads\/2017\/03\/20170310-ped-pesquisa-image00.jpg 800w\" sizes=\"(max-width: 485px) 100vw, 485px\" \/><\/a><p id=\"caption-attachment-20873\" class=\"wp-caption-text\">Divulga\u00e7\u00e3o<\/p><\/div>\n<p style=\"text-align: justify;\">Na \u00faltima quarta-feira, <b>08 de mar\u00e7o<\/b>, o Grupo de Pesquisa Sexualidade e Escola (GESE) da Universidade Federal do Rio Grande (FURG) lan\u00e7ou o Projeto <b>Escolas Promotoras da Igualdade de G\u00eanero<\/b>, que tem como objetivo apoiar as escolas das redes estadual e municipal da Educa\u00e7\u00e3o B\u00e1sica de Rio Grande, que tenham interesse em desenvolver a\u00e7\u00f5es para a promo\u00e7\u00e3o e a reflex\u00e3o acerca da igualdade e equidade dos g\u00eaneros, com vistas \u00e0 constru\u00e7\u00e3o de estrat\u00e9gias que resultem na redu\u00e7\u00e3o dos indicadores de desigualdades, ao mesmo tempo, em que busquem dar visibilidade ao tema.<\/p>\n<p style=\"text-align: justify;\"><!--more--><\/p>\n<p style=\"text-align: justify;\">\n<p style=\"text-align: justify;\">As inscri\u00e7\u00f5es devem ser realizadas pelos professores previamente selecionados pelas escolas, exclusivamente pelo site <strong><a href=\"http:\/\/www.sinsc.furg.br\" target=\"_blank\">www.sinsc.furg.br<\/a><\/strong> , at\u00e9 do dia 27 de mar\u00e7o. Maiores informa\u00e7\u00f5es podem ser obtidas pelo e-mail <strong><a href=\"mailto:sexualidadeescola@furg.br\" target=\"_blank\">sexualidadeescola@furg.br<\/a><\/strong> ou pelo telefone (53) 3233-6674. Para ter acesso ao Edital do Projeto Escolas Promotoras da Igualdade de G\u00eanero, acesse <a href=\"http:\/\/www.sexualidadeescola.furg.br\/images\/Escolaspromotoras\/Edital_escolas_promotoras.pdf\" target=\"_blank\"><b>aqui<\/b><\/a>.<\/p>\n<p>&nbsp;<\/p>\n<p style=\"text-align: right;\"><em>SMEd<\/em><br \/>\n<em> FURG<\/em><\/p>\n","protected":false},"excerpt":{"rendered":"<p>Na \u00faltima quarta-feira, 08 de mar\u00e7o, o Grupo de Pesquisa Sexualidade e Escola (GESE) da Universidade Federal do Rio Grande (FURG) lan\u00e7ou o Projeto Escolas Promotoras da Igualdade de G\u00eanero, que tem como objetivo apoiar as escolas das redes estadual e municipal da Educa\u00e7\u00e3o B\u00e1sica de Rio Grande, que tenham interesse em desenvolver a\u00e7\u00f5es para [&hellip;]<\/p>\n","protected":false},"author":7,"featured_media":0,"comment_status":"closed","ping_status":"closed","sticky":false,"template":"","format":"standard","meta":{"footnotes":""},"categories":[1,13],"tags":[],"class_list":["post-20872","post","type-post","status-publish","format-standard","hentry","category-noticias","category-pedagogico"],"_links":{"self":[{"href":"https:\/\/www.riogrande.rs.gov.br\/smed\/index.php?rest_route=\/wp\/v2\/posts\/20872"}],"collection":[{"href":"https:\/\/www.riogrande.rs.gov.br\/smed\/index.php?rest_route=\/wp\/v2\/posts"}],"about":[{"href":"https:\/\/www.riogrande.rs.gov.br\/smed\/index.php?rest_route=\/wp\/v2\/types\/post"}],"author":[{"embeddable":true,"href":"https:\/\/www.riogrande.rs.gov.br\/smed\/index.php?rest_route=\/wp\/v2\/users\/7"}],"replies":[{"embeddable":true,"href":"https:\/\/www.riogrande.rs.gov.br\/smed\/index.php?rest_route=%2Fwp%2Fv2%2Fcomments&post=20872"}],"version-history":[{"count":1,"href":"https:\/\/www.riogrande.rs.gov.br\/smed\/index.php?rest_route=\/wp\/v2\/posts\/20872\/revisions"}],"predecessor-version":[{"id":20874,"href":"https:\/\/www.riogrande.rs.gov.br\/smed\/index.php?rest_route=\/wp\/v2\/posts\/20872\/revisions\/20874"}],"wp:attachment":[{"href":"https:\/\/www.riogrande.rs.gov.br\/smed\/index.php?rest_route=%2Fwp%2Fv2%2Fmedia&parent=20872"}],"wp:term":[{"taxonomy":"category","embeddable":true,"href":"https:\/\/www.riogrande.rs.gov.br\/smed\/index.php?rest_route=%2Fwp%2Fv2%2Fcategories&post=20872"},{"taxonomy":"post_tag","embeddable":true,"href":"https:\/\/www.riogrande.rs.gov.br\/smed\/index.php?rest_route=%2Fwp%2Fv2%2Ftags&post=20872"}],"curies":[{"name":"wp","href":"https:\/\/api.w.org\/{rel}","templated":true}]}}