{"id":20851,"date":"2017-03-10T15:49:38","date_gmt":"2017-03-10T18:49:38","guid":{"rendered":"http:\/\/www.riogrande.rs.gov.br\/smed\/?p=20851"},"modified":"2017-03-10T15:50:02","modified_gmt":"2017-03-10T18:50:02","slug":"marco-lilas-alunos-da-emef-antonio-carlos-lopes-participaram-de-palestra-sobre-os-direitos-das-mulheres","status":"publish","type":"post","link":"https:\/\/www.riogrande.rs.gov.br\/smed\/?p=20851","title":{"rendered":"Mar\u00e7o Lil\u00e1s: alunos da EMEF Ant\u00f4nio Carlos Lopes participaram de palestra sobre os \u201cDireitos das Mulheres\u201d"},"content":{"rendered":"\n\t\t<style type=\"text\/css\">\n\t\t\t#gallery-1 {\n\t\t\t\tmargin: auto;\n\t\t\t}\n\t\t\t#gallery-1 .gallery-item {\n\t\t\t\tfloat: left;\n\t\t\t\tmargin-top: 10px;\n\t\t\t\ttext-align: center;\n\t\t\t\twidth: 50%;\n\t\t\t}\n\t\t\t#gallery-1 img {\n\t\t\t\tborder: 2px solid #cfcfcf;\n\t\t\t}\n\t\t\t#gallery-1 .gallery-caption {\n\t\t\t\tmargin-left: 0;\n\t\t\t}\n\t\t\t\/* see gallery_shortcode() in wp-includes\/media.php *\/\n\t\t<\/style>\n\t\t<div id='gallery-1' class='gallery galleryid-20851 gallery-columns-2 gallery-size-thumbnail'><dl class='gallery-item'>\n\t\t\t<dt class='gallery-icon landscape'>\n\t\t\t\t<a href='https:\/\/www.riogrande.rs.gov.br\/smed\/wp-content\/uploads\/2017\/03\/20170310-ped-lilas-image00.jpg' rel=\"lightbox[20851]\"><img loading=\"lazy\" decoding=\"async\" width=\"150\" height=\"150\" src=\"https:\/\/www.riogrande.rs.gov.br\/smed\/wp-content\/uploads\/2017\/03\/20170310-ped-lilas-image00-150x150.jpg\" class=\"attachment-thumbnail size-thumbnail\" alt=\"\" aria-describedby=\"gallery-1-20853\" \/><\/a>\n\t\t\t<\/dt>\n\t\t\t\t<dd class='wp-caption-text gallery-caption' id='gallery-1-20853'>\n\t\t\t\tCr\u00e9dito: EMEF Ant\u00f4nio Carlos Lopes\n\t\t\t\t<\/dd><\/dl><dl class='gallery-item'>\n\t\t\t<dt class='gallery-icon landscape'>\n\t\t\t\t<a href='https:\/\/www.riogrande.rs.gov.br\/smed\/wp-content\/uploads\/2017\/03\/20170310-ped-lilas-image01.jpg' rel=\"lightbox[20851]\"><img loading=\"lazy\" decoding=\"async\" width=\"150\" height=\"150\" src=\"https:\/\/www.riogrande.rs.gov.br\/smed\/wp-content\/uploads\/2017\/03\/20170310-ped-lilas-image01-150x150.jpg\" class=\"attachment-thumbnail size-thumbnail\" alt=\"\" aria-describedby=\"gallery-1-20854\" \/><\/a>\n\t\t\t<\/dt>\n\t\t\t\t<dd class='wp-caption-text gallery-caption' id='gallery-1-20854'>\n\t\t\t\tCr\u00e9dito: EMEF Ant\u00f4nio Carlos Lopes\n\t\t\t\t<\/dd><\/dl><br style=\"clear: both\" \/><dl class='gallery-item'>\n\t\t\t<dt class='gallery-icon landscape'>\n\t\t\t\t<a href='https:\/\/www.riogrande.rs.gov.br\/smed\/wp-content\/uploads\/2017\/03\/20170310-ped-lilas-image02.jpg' rel=\"lightbox[20851]\"><img loading=\"lazy\" decoding=\"async\" width=\"150\" height=\"150\" src=\"https:\/\/www.riogrande.rs.gov.br\/smed\/wp-content\/uploads\/2017\/03\/20170310-ped-lilas-image02-150x150.jpg\" class=\"attachment-thumbnail size-thumbnail\" alt=\"\" aria-describedby=\"gallery-1-20855\" \/><\/a>\n\t\t\t<\/dt>\n\t\t\t\t<dd class='wp-caption-text gallery-caption' id='gallery-1-20855'>\n\t\t\t\tCr\u00e9dito: EMEF Ant\u00f4nio Carlos Lopes\n\t\t\t\t<\/dd><\/dl><dl class='gallery-item'>\n\t\t\t<dt class='gallery-icon landscape'>\n\t\t\t\t<a href='https:\/\/www.riogrande.rs.gov.br\/smed\/wp-content\/uploads\/2017\/03\/20170310-ped-lilas-image03.jpg' rel=\"lightbox[20851]\"><img loading=\"lazy\" decoding=\"async\" width=\"150\" height=\"150\" src=\"https:\/\/www.riogrande.rs.gov.br\/smed\/wp-content\/uploads\/2017\/03\/20170310-ped-lilas-image03-150x150.jpg\" class=\"attachment-thumbnail size-thumbnail\" alt=\"\" aria-describedby=\"gallery-1-20856\" \/><\/a>\n\t\t\t<\/dt>\n\t\t\t\t<dd class='wp-caption-text gallery-caption' id='gallery-1-20856'>\n\t\t\t\tCr\u00e9dito: EMEF Ant\u00f4nio Carlos Lopes\n\t\t\t\t<\/dd><\/dl><br style=\"clear: both\" \/>\n\t\t<\/div>\n\n<p style=\"text-align: justify;\">Na \u00faltima quinta-feira, <b>09 de mar\u00e7o<\/b>, a Escola Municipal de Ensino Fundamental <b>Ant\u00f4nio Carlos Lopes<\/b>, que est\u00e1 localizada na Vila da Quinta, para celebrar o \u201c<b>Dia Internacional da Mulher<\/b>\u201d, promoveu uma palestra aos alunos dos 6\u00ba e 9\u00ba Anos, onde a representante da Delegacia da Mulher abordou a tem\u00e1tica \u201c<b>Os Direitos das Mulheres: Lei Maria da Penha<\/b>\u201d.<\/p>\n<p style=\"text-align: right;\"><em>SMEd<\/em><br \/>\n<em> Roberton Reis<\/em><br \/>\n<em> Com informa\u00e7\u00f5es da EMEF Ant\u00f4nio Carlos Lopes<\/em><\/p>\n","protected":false},"excerpt":{"rendered":"<p>Na \u00faltima quinta-feira, 09 de mar\u00e7o, a Escola Municipal de Ensino Fundamental Ant\u00f4nio Carlos Lopes, que est\u00e1 localizada na Vila da Quinta, para celebrar o \u201cDia Internacional da Mulher\u201d, promoveu uma palestra aos alunos dos 6\u00ba e 9\u00ba Anos, onde a representante da Delegacia da Mulher abordou a tem\u00e1tica \u201cOs Direitos das Mulheres: Lei Maria [&hellip;]<\/p>\n","protected":false},"author":7,"featured_media":0,"comment_status":"closed","ping_status":"closed","sticky":false,"template":"","format":"standard","meta":{"footnotes":""},"categories":[1,13],"tags":[],"class_list":["post-20851","post","type-post","status-publish","format-standard","hentry","category-noticias","category-pedagogico"],"_links":{"self":[{"href":"https:\/\/www.riogrande.rs.gov.br\/smed\/index.php?rest_route=\/wp\/v2\/posts\/20851"}],"collection":[{"href":"https:\/\/www.riogrande.rs.gov.br\/smed\/index.php?rest_route=\/wp\/v2\/posts"}],"about":[{"href":"https:\/\/www.riogrande.rs.gov.br\/smed\/index.php?rest_route=\/wp\/v2\/types\/post"}],"author":[{"embeddable":true,"href":"https:\/\/www.riogrande.rs.gov.br\/smed\/index.php?rest_route=\/wp\/v2\/users\/7"}],"replies":[{"embeddable":true,"href":"https:\/\/www.riogrande.rs.gov.br\/smed\/index.php?rest_route=%2Fwp%2Fv2%2Fcomments&post=20851"}],"version-history":[{"count":2,"href":"https:\/\/www.riogrande.rs.gov.br\/smed\/index.php?rest_route=\/wp\/v2\/posts\/20851\/revisions"}],"predecessor-version":[{"id":20858,"href":"https:\/\/www.riogrande.rs.gov.br\/smed\/index.php?rest_route=\/wp\/v2\/posts\/20851\/revisions\/20858"}],"wp:attachment":[{"href":"https:\/\/www.riogrande.rs.gov.br\/smed\/index.php?rest_route=%2Fwp%2Fv2%2Fmedia&parent=20851"}],"wp:term":[{"taxonomy":"category","embeddable":true,"href":"https:\/\/www.riogrande.rs.gov.br\/smed\/index.php?rest_route=%2Fwp%2Fv2%2Fcategories&post=20851"},{"taxonomy":"post_tag","embeddable":true,"href":"https:\/\/www.riogrande.rs.gov.br\/smed\/index.php?rest_route=%2Fwp%2Fv2%2Ftags&post=20851"}],"curies":[{"name":"wp","href":"https:\/\/api.w.org\/{rel}","templated":true}]}}