{"id":20847,"date":"2017-03-10T15:37:37","date_gmt":"2017-03-10T18:37:37","guid":{"rendered":"http:\/\/www.riogrande.rs.gov.br\/smed\/?p=20847"},"modified":"2017-03-10T15:38:45","modified_gmt":"2017-03-10T18:38:45","slug":"emef-cidade-do-rio-grandecaic-promoveu-roda-de-conversa-sobre-assedio-moral-e-lei-maria-da-penha","status":"publish","type":"post","link":"https:\/\/www.riogrande.rs.gov.br\/smed\/?p=20847","title":{"rendered":"EMEF CIDADE DO RIO GRANDE\/CAIC PROMOVEU RODA DE CONVERSA SOBRE &#8220;ASS\u00c9DIO MORAL&#8221; E &#8220;LEI MARIA DA PENHA&#8221;"},"content":{"rendered":"<div id=\"attachment_20848\" style=\"width: 495px\" class=\"wp-caption aligncenter\"><a href=\"http:\/\/www.riogrande.rs.gov.br\/smed\/wp-content\/uploads\/2017\/03\/20170310-pmrg1.jpg\" rel=\"lightbox[20847]\"><img loading=\"lazy\" decoding=\"async\" aria-describedby=\"caption-attachment-20848\" class=\"size-medium wp-image-20848\" src=\"http:\/\/www.riogrande.rs.gov.br\/smed\/wp-content\/uploads\/2017\/03\/20170310-pmrg1-485x322.jpg\" alt=\"\" width=\"485\" height=\"322\" srcset=\"https:\/\/www.riogrande.rs.gov.br\/smed\/wp-content\/uploads\/2017\/03\/20170310-pmrg1-485x322.jpg 485w, https:\/\/www.riogrande.rs.gov.br\/smed\/wp-content\/uploads\/2017\/03\/20170310-pmrg1-312x207.jpg 312w, https:\/\/www.riogrande.rs.gov.br\/smed\/wp-content\/uploads\/2017\/03\/20170310-pmrg1.jpg 700w\" sizes=\"(max-width: 485px) 100vw, 485px\" \/><\/a><p id=\"caption-attachment-20848\" class=\"wp-caption-text\">Cr\u00e9dito: Marielle Gaut\u00e9rio<\/p><\/div>\n<p style=\"text-align: justify;\">Fonte: <a href=\"http:\/\/www.riogrande.rs.gov.br\/pagina\/index.php\/noticias\/detalhes+14001d4,,marco-lilas-assedio-moral-e-lei-maria-da-penha-sao-temas-de-roda-de-conversa-no-caic.html#.WMLx8LOQm-t\" target=\"_blank\"><strong>www.riogrande.rs.gov.br<\/strong><\/a><\/p>\n<p class=\"sizeable\" style=\"text-align: justify;\">Na manh\u00e3 desta quinta-feira (09), integrando a programa\u00e7\u00e3o do \u201cMar\u00e7o Lil\u00e1s \u2013 Nenhum direito a menos\u201d, foi realizado na EMEF Cidade do Rio Grande (CAIC), uma roda de conversa com o tema: \u201cAss\u00e9dio moral e Lei Maria da Penha\u201d.<\/p>\n<p class=\"sizeable\" style=\"text-align: justify;\"><!--more--><\/p>\n<p class=\"sizeable\" style=\"text-align: justify;\">A\u00a0 coordenadora de Politicas P\u00fablicas para as Mulheres, Maria de Lurdes Louse, e a coordenadora geral do Sindicato dos Trabalhadores em Educa\u00e7\u00e3o do Rio Grande (Sinterg), D\u00f3ris Nogueira, sanaram d\u00favidas e\u00a0discutiram com os presentes na roda de conversa sobre a viol\u00eancia di\u00e1ria empreendida sob as mulheres todos os dias, al\u00e9m de distribuirem\u00a0material informativo.<\/p>\n<p class=\"sizeable\" style=\"text-align: justify;\">Tamb\u00e9m foi feito uma conversa com os alunos no intervalo das aulas, divulgando informa\u00e7\u00f5es sobre os direitos das mulheres e sobre o respeito que desde cedo deve ser instaurado na vida familiar. Os professores tiveram tamb\u00e9m um momento para a discuss\u00e3o com Maria Lurdes e com a D\u00f3ris Nogueira, com o objetivo de n\u00e3o s\u00f3 ajudar na vida pessoal desses, mas tamb\u00e9m de serem multiplicadores em sala de aula.<\/p>\n<p class=\"sizeable\" style=\"text-align: justify;\">De acordo com a vice-diretora do turno da manh\u00e3, Maria Alice Magalh\u00e3es: \u201cA atividade de hoje foi primordial porque n\u00f3s temos muitas mulheres e meninas que sofrem problemas de viol\u00eancia e ass\u00e9dio e que n\u00e3o tem coragem de falar, e com essa conversa que foi informal com elas, a gente talvez possa conseguir ajudar muitas outras pessoas, inclusive professores, trabalhadores da \u00e1rea de sa\u00fade e as m\u00e3es que estavam na roda de conversa\u201d.<\/p>\n<p class=\"sizeable\" style=\"text-align: justify;\"><strong>Mar\u00e7o Lil\u00e1s<\/strong><\/p>\n<p class=\"sizeable\" style=\"text-align: justify;\">Representa o movimento de mulheres no final do s\u00e9culo 19 e in\u00edcio dos 20. Insere o dia 08 de Mar\u00e7o como o Dia Internacional das Mulheres, marcado pela luta das mesmas pelos seus direitos, por igualdade de tratamento no trabalho e seu empoderamento perante a sociedade.<\/p>\n<p class=\"sizeable\" style=\"text-align: right;\"><em><strong>\u00a0<\/strong><\/em><\/p>\n<p class=\"sizeable\" style=\"text-align: right;\"><em>Assessoria de Comunica\u00e7\u00e3o \/ PMRG<\/em><\/p>\n","protected":false},"excerpt":{"rendered":"<p>Fonte: www.riogrande.rs.gov.br Na manh\u00e3 desta quinta-feira (09), integrando a programa\u00e7\u00e3o do \u201cMar\u00e7o Lil\u00e1s \u2013 Nenhum direito a menos\u201d, foi realizado na EMEF Cidade do Rio Grande (CAIC), uma roda de conversa com o tema: \u201cAss\u00e9dio moral e Lei Maria da Penha\u201d.<\/p>\n","protected":false},"author":7,"featured_media":0,"comment_status":"closed","ping_status":"closed","sticky":false,"template":"","format":"standard","meta":{"footnotes":""},"categories":[1],"tags":[],"class_list":["post-20847","post","type-post","status-publish","format-standard","hentry","category-noticias"],"_links":{"self":[{"href":"https:\/\/www.riogrande.rs.gov.br\/smed\/index.php?rest_route=\/wp\/v2\/posts\/20847"}],"collection":[{"href":"https:\/\/www.riogrande.rs.gov.br\/smed\/index.php?rest_route=\/wp\/v2\/posts"}],"about":[{"href":"https:\/\/www.riogrande.rs.gov.br\/smed\/index.php?rest_route=\/wp\/v2\/types\/post"}],"author":[{"embeddable":true,"href":"https:\/\/www.riogrande.rs.gov.br\/smed\/index.php?rest_route=\/wp\/v2\/users\/7"}],"replies":[{"embeddable":true,"href":"https:\/\/www.riogrande.rs.gov.br\/smed\/index.php?rest_route=%2Fwp%2Fv2%2Fcomments&post=20847"}],"version-history":[{"count":2,"href":"https:\/\/www.riogrande.rs.gov.br\/smed\/index.php?rest_route=\/wp\/v2\/posts\/20847\/revisions"}],"predecessor-version":[{"id":20850,"href":"https:\/\/www.riogrande.rs.gov.br\/smed\/index.php?rest_route=\/wp\/v2\/posts\/20847\/revisions\/20850"}],"wp:attachment":[{"href":"https:\/\/www.riogrande.rs.gov.br\/smed\/index.php?rest_route=%2Fwp%2Fv2%2Fmedia&parent=20847"}],"wp:term":[{"taxonomy":"category","embeddable":true,"href":"https:\/\/www.riogrande.rs.gov.br\/smed\/index.php?rest_route=%2Fwp%2Fv2%2Fcategories&post=20847"},{"taxonomy":"post_tag","embeddable":true,"href":"https:\/\/www.riogrande.rs.gov.br\/smed\/index.php?rest_route=%2Fwp%2Fv2%2Ftags&post=20847"}],"curies":[{"name":"wp","href":"https:\/\/api.w.org\/{rel}","templated":true}]}}