{"id":20837,"date":"2017-03-09T18:54:23","date_gmt":"2017-03-09T21:54:23","guid":{"rendered":"http:\/\/www.riogrande.rs.gov.br\/smed\/?p=20837"},"modified":"2017-03-09T18:55:37","modified_gmt":"2017-03-09T21:55:37","slug":"periodo-de-inscricoes-para-a-13a-obmep-encerra-no-dia-31","status":"publish","type":"post","link":"https:\/\/www.riogrande.rs.gov.br\/smed\/?p=20837","title":{"rendered":"Per\u00edodo de inscri\u00e7\u00f5es para a 13\u00aa OBMEP encerra no dia 31"},"content":{"rendered":"<div id=\"attachment_20838\" style=\"width: 495px\" class=\"wp-caption aligncenter\"><a href=\"http:\/\/www.riogrande.rs.gov.br\/smed\/wp-content\/uploads\/2017\/03\/20170309-ped-obmep-image00.jpg\" rel=\"lightbox[20837]\"><img loading=\"lazy\" decoding=\"async\" aria-describedby=\"caption-attachment-20838\" class=\"size-medium wp-image-20838\" src=\"http:\/\/www.riogrande.rs.gov.br\/smed\/wp-content\/uploads\/2017\/03\/20170309-ped-obmep-image00-485x215.jpg\" alt=\"\" width=\"485\" height=\"215\" srcset=\"https:\/\/www.riogrande.rs.gov.br\/smed\/wp-content\/uploads\/2017\/03\/20170309-ped-obmep-image00-485x215.jpg 485w, https:\/\/www.riogrande.rs.gov.br\/smed\/wp-content\/uploads\/2017\/03\/20170309-ped-obmep-image00-768x341.jpg 768w, https:\/\/www.riogrande.rs.gov.br\/smed\/wp-content\/uploads\/2017\/03\/20170309-ped-obmep-image00-466x207.jpg 466w, https:\/\/www.riogrande.rs.gov.br\/smed\/wp-content\/uploads\/2017\/03\/20170309-ped-obmep-image00.jpg 800w\" sizes=\"(max-width: 485px) 100vw, 485px\" \/><\/a><p id=\"caption-attachment-20838\" class=\"wp-caption-text\">Divulga\u00e7\u00e3o<\/p><\/div>\n<p style=\"text-align: justify;\">A Secretaria de Munic\u00edpio da Educa\u00e7\u00e3o de Rio Grande (SMEd), atrav\u00e9s da Assessoria de Matem\u00e1tica do N\u00facleo dos Anos Finais, informa que o per\u00edodo de inscri\u00e7\u00f5es para a 1<b>3\u00aa Olimp\u00edada Brasileira de Matem\u00e1tica das Escolas P\u00fablicas<\/b> (OBMEP), que iniciou no dia 20 de fevereiro, encerrar\u00e1 no dia <b>31 de mar\u00e7o<\/b>.<\/p>\n<p style=\"text-align: justify;\"><!--more--><\/p>\n<p style=\"text-align: justify;\">A <b>OBMEP <\/b>\u00e9 uma realiza\u00e7\u00e3o do Instituto Nacional de Matem\u00e1tica Pura e Aplicada (IMPA) \u00a0e tem como objetivo estimular o estudo da Matem\u00e1tica e revelar talentos na \u00e1rea. As inscri\u00e7\u00f5es dever\u00e3o ser realizadas exclusivamente no site:<strong><a href=\"http:\/\/www.obmep.org.br\/\" target=\"_blank\"> www.obmep.org.br<\/a><\/strong>.<\/p>\n<p style=\"text-align: justify;\">Na 12\u00aa Olimp\u00edada Brasileira de Matem\u00e1tica das Escolas P\u00fablicas, a rede p\u00fablica municipal de ensino de Rio Grande teve um medalhista de prata, um de bronze e treze estudantes com Men\u00e7\u00f5es Honrosas. Para ver a lista com o resultado dos alunos da rede municipal na 12\u00aa OBMEP, acesse <b><a href=\"http:\/\/www.riogrande.rs.gov.br\/smed\/wp-content\/uploads\/2017\/03\/20170309-resultado_12obmep.pdf\" target=\"_blank\">aqui<\/a>.<\/b><\/p>\n<p style=\"text-align: right;\"><em>SMEd<\/em><br \/>\n<em> Roberton Reis<\/em><br \/>\n<em> Com informa\u00e7\u00f5es da Assessoria de Matem\u00e1tica<\/em><\/p>\n","protected":false},"excerpt":{"rendered":"<p>A Secretaria de Munic\u00edpio da Educa\u00e7\u00e3o de Rio Grande (SMEd), atrav\u00e9s da Assessoria de Matem\u00e1tica do N\u00facleo dos Anos Finais, informa que o per\u00edodo de inscri\u00e7\u00f5es para a 13\u00aa Olimp\u00edada Brasileira de Matem\u00e1tica das Escolas P\u00fablicas (OBMEP), que iniciou no dia 20 de fevereiro, encerrar\u00e1 no dia 31 de mar\u00e7o.<\/p>\n","protected":false},"author":7,"featured_media":0,"comment_status":"closed","ping_status":"closed","sticky":false,"template":"","format":"standard","meta":{"footnotes":""},"categories":[1,13],"tags":[],"class_list":["post-20837","post","type-post","status-publish","format-standard","hentry","category-noticias","category-pedagogico"],"_links":{"self":[{"href":"https:\/\/www.riogrande.rs.gov.br\/smed\/index.php?rest_route=\/wp\/v2\/posts\/20837"}],"collection":[{"href":"https:\/\/www.riogrande.rs.gov.br\/smed\/index.php?rest_route=\/wp\/v2\/posts"}],"about":[{"href":"https:\/\/www.riogrande.rs.gov.br\/smed\/index.php?rest_route=\/wp\/v2\/types\/post"}],"author":[{"embeddable":true,"href":"https:\/\/www.riogrande.rs.gov.br\/smed\/index.php?rest_route=\/wp\/v2\/users\/7"}],"replies":[{"embeddable":true,"href":"https:\/\/www.riogrande.rs.gov.br\/smed\/index.php?rest_route=%2Fwp%2Fv2%2Fcomments&post=20837"}],"version-history":[{"count":2,"href":"https:\/\/www.riogrande.rs.gov.br\/smed\/index.php?rest_route=\/wp\/v2\/posts\/20837\/revisions"}],"predecessor-version":[{"id":20841,"href":"https:\/\/www.riogrande.rs.gov.br\/smed\/index.php?rest_route=\/wp\/v2\/posts\/20837\/revisions\/20841"}],"wp:attachment":[{"href":"https:\/\/www.riogrande.rs.gov.br\/smed\/index.php?rest_route=%2Fwp%2Fv2%2Fmedia&parent=20837"}],"wp:term":[{"taxonomy":"category","embeddable":true,"href":"https:\/\/www.riogrande.rs.gov.br\/smed\/index.php?rest_route=%2Fwp%2Fv2%2Fcategories&post=20837"},{"taxonomy":"post_tag","embeddable":true,"href":"https:\/\/www.riogrande.rs.gov.br\/smed\/index.php?rest_route=%2Fwp%2Fv2%2Ftags&post=20837"}],"curies":[{"name":"wp","href":"https:\/\/api.w.org\/{rel}","templated":true}]}}