{"id":20808,"date":"2017-03-07T19:25:11","date_gmt":"2017-03-07T22:25:11","guid":{"rendered":"http:\/\/www.riogrande.rs.gov.br\/smed\/?p=20808"},"modified":"2017-03-07T19:27:13","modified_gmt":"2017-03-07T22:27:13","slug":"ebahl-promove-exposicao-fotografica-para-homenagear-o-dia-internacional-da-mulher","status":"publish","type":"post","link":"https:\/\/www.riogrande.rs.gov.br\/smed\/?p=20808","title":{"rendered":"EBAHL promove \u201cExposi\u00e7\u00e3o Fotogr\u00e1fica\u201d para homenagear o \u201cDia Internacional da Mulher\u201d"},"content":{"rendered":"<p style=\"text-align: justify;\">A Secretaria de Munic\u00edpio da Educa\u00e7\u00e3o de Rio Grande (SMEd), atrav\u00e9s da Escola de Belas Artes Heitor de Lemos (EBAHL), informa que na pr\u00f3xima quarta-feira, <b>08 de mar\u00e7o<\/b>, \u00e0s <b>18h<\/b>, a Galeria Breche estar\u00e1 realizando vernissage do artista J.C.Celmer.<\/p>\n<p style=\"text-align: justify;\"><!--more--><\/p>\n<p style=\"text-align: justify;\">A Mostra integra a programa\u00e7\u00e3o do \u201cMar\u00e7o Lil\u00e1s\u201d, a\u00e7\u00e3o promovida pela Prefeitura Municipal do Rio Grande, na qual a Escola de Belas Artes Heitor de Lemos integra-se, visando celebrar o \u201cDia Internacional da Mulher\u201d com a exposi\u00e7\u00e3o \u201c<b>PEPITAS: retratos de um fot\u00f3grafo que n\u00e3o \u00e9 profissional<\/b>\u201d. Nas palavras de J.C. Celmer \u201d<b>Pepitas s\u00e3o gr\u00e3os de metal nativos, especialmente ouro. Vejam e concluam se estou certo ou n\u00e3o<\/b>\u201d.<\/p>\n<p style=\"text-align: justify;\">A Exposi\u00e7\u00e3o na Galeria Breche, que \u00e9 composta por quatorze fotografias de rostos femininos, que refletem suas hist\u00f3rias de vida, estar\u00e1 aberta \u00e0 visita\u00e7\u00e3o no per\u00edodo de 09 a 29 de mar\u00e7o, das 8h \u00e0s 20h, na Galeria da EBAHL, rua Jockey Club, 194.<\/p>\n<p>&nbsp;<\/p>\n<p style=\"text-align: right;\"><em>SMEd<\/em><br \/>\n<em> Roberton Reis<\/em><br \/>\n<em> Com informa\u00e7\u00f5es da EBAHL<\/em><\/p>\n","protected":false},"excerpt":{"rendered":"<p>A Secretaria de Munic\u00edpio da Educa\u00e7\u00e3o de Rio Grande (SMEd), atrav\u00e9s da Escola de Belas Artes Heitor de Lemos (EBAHL), informa que na pr\u00f3xima quarta-feira, 08 de mar\u00e7o, \u00e0s 18h, a Galeria Breche estar\u00e1 realizando vernissage do artista J.C.Celmer.<\/p>\n","protected":false},"author":7,"featured_media":0,"comment_status":"closed","ping_status":"closed","sticky":false,"template":"","format":"standard","meta":{"footnotes":""},"categories":[1,13],"tags":[],"class_list":["post-20808","post","type-post","status-publish","format-standard","hentry","category-noticias","category-pedagogico"],"_links":{"self":[{"href":"https:\/\/www.riogrande.rs.gov.br\/smed\/index.php?rest_route=\/wp\/v2\/posts\/20808"}],"collection":[{"href":"https:\/\/www.riogrande.rs.gov.br\/smed\/index.php?rest_route=\/wp\/v2\/posts"}],"about":[{"href":"https:\/\/www.riogrande.rs.gov.br\/smed\/index.php?rest_route=\/wp\/v2\/types\/post"}],"author":[{"embeddable":true,"href":"https:\/\/www.riogrande.rs.gov.br\/smed\/index.php?rest_route=\/wp\/v2\/users\/7"}],"replies":[{"embeddable":true,"href":"https:\/\/www.riogrande.rs.gov.br\/smed\/index.php?rest_route=%2Fwp%2Fv2%2Fcomments&post=20808"}],"version-history":[{"count":2,"href":"https:\/\/www.riogrande.rs.gov.br\/smed\/index.php?rest_route=\/wp\/v2\/posts\/20808\/revisions"}],"predecessor-version":[{"id":20810,"href":"https:\/\/www.riogrande.rs.gov.br\/smed\/index.php?rest_route=\/wp\/v2\/posts\/20808\/revisions\/20810"}],"wp:attachment":[{"href":"https:\/\/www.riogrande.rs.gov.br\/smed\/index.php?rest_route=%2Fwp%2Fv2%2Fmedia&parent=20808"}],"wp:term":[{"taxonomy":"category","embeddable":true,"href":"https:\/\/www.riogrande.rs.gov.br\/smed\/index.php?rest_route=%2Fwp%2Fv2%2Fcategories&post=20808"},{"taxonomy":"post_tag","embeddable":true,"href":"https:\/\/www.riogrande.rs.gov.br\/smed\/index.php?rest_route=%2Fwp%2Fv2%2Ftags&post=20808"}],"curies":[{"name":"wp","href":"https:\/\/api.w.org\/{rel}","templated":true}]}}