{"id":20800,"date":"2017-03-07T19:10:44","date_gmt":"2017-03-07T22:10:44","guid":{"rendered":"http:\/\/www.riogrande.rs.gov.br\/smed\/?p=20800"},"modified":"2017-03-07T19:11:36","modified_gmt":"2017-03-07T22:11:36","slug":"periodo-de-inscricoes-para-o-19o-forum-de-estudos-leituras-de-paulo-freire-ja-iniciou","status":"publish","type":"post","link":"https:\/\/www.riogrande.rs.gov.br\/smed\/?p=20800","title":{"rendered":"Per\u00edodo de inscri\u00e7\u00f5es para o \u201c19\u00ba F\u00f3rum de Estudos: Leituras de Paulo Freire\u201d j\u00e1 iniciou"},"content":{"rendered":"\n\t\t<style type=\"text\/css\">\n\t\t\t#gallery-1 {\n\t\t\t\tmargin: auto;\n\t\t\t}\n\t\t\t#gallery-1 .gallery-item {\n\t\t\t\tfloat: left;\n\t\t\t\tmargin-top: 10px;\n\t\t\t\ttext-align: center;\n\t\t\t\twidth: 50%;\n\t\t\t}\n\t\t\t#gallery-1 img {\n\t\t\t\tborder: 2px solid #cfcfcf;\n\t\t\t}\n\t\t\t#gallery-1 .gallery-caption {\n\t\t\t\tmargin-left: 0;\n\t\t\t}\n\t\t\t\/* see gallery_shortcode() in wp-includes\/media.php *\/\n\t\t<\/style>\n\t\t<div id='gallery-1' class='gallery galleryid-20800 gallery-columns-2 gallery-size-thumbnail'><dl class='gallery-item'>\n\t\t\t<dt class='gallery-icon portrait'>\n\t\t\t\t<a href='https:\/\/www.riogrande.rs.gov.br\/smed\/wp-content\/uploads\/2017\/03\/20170307-ped-forum-image00.png.jpg' rel=\"lightbox[20800]\"><img loading=\"lazy\" decoding=\"async\" width=\"150\" height=\"150\" src=\"https:\/\/www.riogrande.rs.gov.br\/smed\/wp-content\/uploads\/2017\/03\/20170307-ped-forum-image00.png-150x150.jpg\" class=\"attachment-thumbnail size-thumbnail\" alt=\"\" aria-describedby=\"gallery-1-20801\" \/><\/a>\n\t\t\t<\/dt>\n\t\t\t\t<dd class='wp-caption-text gallery-caption' id='gallery-1-20801'>\n\t\t\t\tDivulga\u00e7\u00e3o\n\t\t\t\t<\/dd><\/dl><dl class='gallery-item'>\n\t\t\t<dt class='gallery-icon portrait'>\n\t\t\t\t<a href='https:\/\/www.riogrande.rs.gov.br\/smed\/wp-content\/uploads\/2017\/03\/20170307-ped-forum-image01.png.jpg' rel=\"lightbox[20800]\"><img loading=\"lazy\" decoding=\"async\" width=\"150\" height=\"150\" src=\"https:\/\/www.riogrande.rs.gov.br\/smed\/wp-content\/uploads\/2017\/03\/20170307-ped-forum-image01.png-150x150.jpg\" class=\"attachment-thumbnail size-thumbnail\" alt=\"\" aria-describedby=\"gallery-1-20802\" \/><\/a>\n\t\t\t<\/dt>\n\t\t\t\t<dd class='wp-caption-text gallery-caption' id='gallery-1-20802'>\n\t\t\t\tDivulga\u00e7\u00e3o\n\t\t\t\t<\/dd><\/dl><br style=\"clear: both\" \/>\n\t\t<\/div>\n\n<p style=\"text-align: justify;\">A <b>Universidade Federal do Rio Grande<\/b> (FURG) sediar\u00e1, nos dias <b>01, 02 e 03 de junho,<\/b> no Cidec-Sul, do <i>campus <\/i>Carreiros, a <b>19\u00aa<\/b> edi\u00e7\u00e3o do \u201c<b>F\u00f3rum de Estudos: Leituras de Paulo Freire<\/b>\u201d, que neste ano ter\u00e1 como tem\u00e1tica \u201c<b>Reinventando Paulo Freire na atualidade: pedagogias na luta contra as opress\u00f5es<\/b>\u201d. Esta edi\u00e7\u00e3o contar\u00e1 com um <b>convidado <\/b>muito especial, o<b> professor Carlos Brand\u00e3o, que participar\u00e1 dos 3 dias do evento<\/b>. As <b>inscri\u00e7\u00f5es <\/b>j\u00e1 est\u00e3o <b>abertas <\/b>e podem ser realizadas pelo site <strong><a href=\"http:\/\/xixforumpaulofreire.wixsite.com\/forum2017\" target=\"_blank\">http:\/\/xixforumpaulofreire.wixsite.com\/forum2017<\/a><\/strong>.<\/p>\n<p style=\"text-align: justify;\"><!--more--><\/p>\n<p style=\"text-align: justify;\">E no <b>dia 17 de mar\u00e7o<\/b> acontecer\u00e1, no <b>audit\u00f3rio da SEAD<\/b>, <i>campus<\/i> Carreiros, com <b>entrada gratuita<\/b> e certifica\u00e7\u00e3o, o <b>Pr\u00e9-F\u00f3rum Paulo Freire<\/b>, evento que anteceder\u00e1 o \u201cF\u00f3rum de Estudos: Leituras de Paulo Freire\u201d, e \u00a0ter\u00e1 a <b>presen\u00e7a do professor Jaime Zitkoski<\/b>, um dos autores do Dicion\u00e1rio Paulo Freire. O Pr\u00e9-F\u00f3rum Paulo Freire tem seu in\u00edcio previsto para as 10h. <b>Mais informa\u00e7\u00f5es<\/b> podem ser obtidas pelo email <a href=\"mailto:forumpaulofreire2017@gmail.com\" target=\"_blank\"><strong>forumpaulofreire2017@gmail.com<\/strong><\/a> ou pelo telefone (53)3293-5219.<\/p>\n<p style=\"text-align: justify;\">A <b>comiss\u00e3o estadual<\/b> do F\u00f3rum \u00e9 composta por representantes das seguintes institui\u00e7\u00f5es: Universidade do Vale dos Sinos (<b>Unisinos<\/b>), Universidade Federal do Pampa (<b>Unipampa<\/b>), Universidade Federal da Fronteira Sul (<b>UFFS<\/b>), Universidade Federal de Pelotas (<b>UFPel<\/b>), Universidade Federal de Santa Maria (<b>UFSM<\/b>), Universidade Regional Integrada do Alto Uruguai e das Miss\u00f5es (<b>URI<\/b>) e <b>FURG<\/b>, que realiza a organiza\u00e7\u00e3o local do evento atrav\u00e9s do <b>Programa de Auxilio ao Ingresso nos Ensinos T\u00e9cnico e Superior <\/b>(Paiets) e demais parceiros como: PPGEA, IE, CAIC, GEFEAP Educamem\u00f3ria, N\u00f3s do Sul, Neabi, IFRS, CEPERS, SINTERG, Secretaria de Munic\u00edpio da Educa\u00e7\u00e3o (SMEd) e Secretaria de Munic\u00edpio da Pesca.<\/p>\n<p style=\"text-align: justify;\"><b>Um pouco sobre o F\u00f3rum de Estudos: Leituras de Paulo Freire<\/b><\/p>\n<p style=\"text-align: justify;\">Desde a sua cria\u00e7\u00e3o, em 1999, o F\u00f3rum busca articular os saberes acad\u00eamicos com os saberes oriundos de diferentes pr\u00e1ticas sociais. Para tanto, tem aperfei\u00e7oado os pontos de contato do di\u00e1logo entre as experi\u00eancias de Educa\u00e7\u00e3o Popular, em diferentes contextos. Al\u00e9m das institui\u00e7\u00f5es universit\u00e1rias, o F\u00f3rum Paulo Freire se articula com as escolas, secretarias municipais de Educa\u00e7\u00e3o da regi\u00e3o, movimentos sociais, Organiza\u00e7\u00f5es N\u00e3o Governamentais (ONGs), associa\u00e7\u00f5es populares e entidades que, de alguma forma, comungam com a utopia de uma sociedade mais justa para todos e digna de se viver.<\/p>\n<p style=\"text-align: right;\"><em>SMEd<\/em><br \/>\n<em> FURG<\/em><\/p>\n","protected":false},"excerpt":{"rendered":"<p>A Universidade Federal do Rio Grande (FURG) sediar\u00e1, nos dias 01, 02 e 03 de junho, no Cidec-Sul, do campus Carreiros, a 19\u00aa edi\u00e7\u00e3o do \u201cF\u00f3rum de Estudos: Leituras de Paulo Freire\u201d, que neste ano ter\u00e1 como tem\u00e1tica \u201cReinventando Paulo Freire na atualidade: pedagogias na luta contra as opress\u00f5es\u201d. Esta edi\u00e7\u00e3o contar\u00e1 com um convidado [&hellip;]<\/p>\n","protected":false},"author":7,"featured_media":0,"comment_status":"closed","ping_status":"closed","sticky":false,"template":"","format":"standard","meta":{"footnotes":""},"categories":[1,13],"tags":[],"class_list":["post-20800","post","type-post","status-publish","format-standard","hentry","category-noticias","category-pedagogico"],"_links":{"self":[{"href":"https:\/\/www.riogrande.rs.gov.br\/smed\/index.php?rest_route=\/wp\/v2\/posts\/20800"}],"collection":[{"href":"https:\/\/www.riogrande.rs.gov.br\/smed\/index.php?rest_route=\/wp\/v2\/posts"}],"about":[{"href":"https:\/\/www.riogrande.rs.gov.br\/smed\/index.php?rest_route=\/wp\/v2\/types\/post"}],"author":[{"embeddable":true,"href":"https:\/\/www.riogrande.rs.gov.br\/smed\/index.php?rest_route=\/wp\/v2\/users\/7"}],"replies":[{"embeddable":true,"href":"https:\/\/www.riogrande.rs.gov.br\/smed\/index.php?rest_route=%2Fwp%2Fv2%2Fcomments&post=20800"}],"version-history":[{"count":2,"href":"https:\/\/www.riogrande.rs.gov.br\/smed\/index.php?rest_route=\/wp\/v2\/posts\/20800\/revisions"}],"predecessor-version":[{"id":20804,"href":"https:\/\/www.riogrande.rs.gov.br\/smed\/index.php?rest_route=\/wp\/v2\/posts\/20800\/revisions\/20804"}],"wp:attachment":[{"href":"https:\/\/www.riogrande.rs.gov.br\/smed\/index.php?rest_route=%2Fwp%2Fv2%2Fmedia&parent=20800"}],"wp:term":[{"taxonomy":"category","embeddable":true,"href":"https:\/\/www.riogrande.rs.gov.br\/smed\/index.php?rest_route=%2Fwp%2Fv2%2Fcategories&post=20800"},{"taxonomy":"post_tag","embeddable":true,"href":"https:\/\/www.riogrande.rs.gov.br\/smed\/index.php?rest_route=%2Fwp%2Fv2%2Ftags&post=20800"}],"curies":[{"name":"wp","href":"https:\/\/api.w.org\/{rel}","templated":true}]}}