{"id":20795,"date":"2017-03-07T18:57:43","date_gmt":"2017-03-07T21:57:43","guid":{"rendered":"http:\/\/www.riogrande.rs.gov.br\/smed\/?p=20795"},"modified":"2017-03-07T19:20:57","modified_gmt":"2017-03-07T22:20:57","slug":"emei-deborah-thome-sayao-iniciou-os-debates-sobre-o-plano-de-acao","status":"publish","type":"post","link":"https:\/\/www.riogrande.rs.gov.br\/smed\/?p=20795","title":{"rendered":"EMEI D\u00e9borah Thom\u00e9 Say\u00e3o iniciou os debates sobre o Plano de A\u00e7\u00e3o"},"content":{"rendered":"\n\t\t<style type=\"text\/css\">\n\t\t\t#gallery-1 {\n\t\t\t\tmargin: auto;\n\t\t\t}\n\t\t\t#gallery-1 .gallery-item {\n\t\t\t\tfloat: left;\n\t\t\t\tmargin-top: 10px;\n\t\t\t\ttext-align: center;\n\t\t\t\twidth: 33%;\n\t\t\t}\n\t\t\t#gallery-1 img {\n\t\t\t\tborder: 2px solid #cfcfcf;\n\t\t\t}\n\t\t\t#gallery-1 .gallery-caption {\n\t\t\t\tmargin-left: 0;\n\t\t\t}\n\t\t\t\/* see gallery_shortcode() in wp-includes\/media.php *\/\n\t\t<\/style>\n\t\t<div id='gallery-1' class='gallery galleryid-20795 gallery-columns-3 gallery-size-thumbnail'><dl class='gallery-item'>\n\t\t\t<dt class='gallery-icon landscape'>\n\t\t\t\t<a href='https:\/\/www.riogrande.rs.gov.br\/smed\/wp-content\/uploads\/2017\/03\/20170307-ped-plano-image00.jpg' rel=\"lightbox[20795]\"><img loading=\"lazy\" decoding=\"async\" width=\"150\" height=\"150\" src=\"https:\/\/www.riogrande.rs.gov.br\/smed\/wp-content\/uploads\/2017\/03\/20170307-ped-plano-image00-150x150.jpg\" class=\"attachment-thumbnail size-thumbnail\" alt=\"\" aria-describedby=\"gallery-1-20796\" \/><\/a>\n\t\t\t<\/dt>\n\t\t\t\t<dd class='wp-caption-text gallery-caption' id='gallery-1-20796'>\n\t\t\t\tCr\u00e9dito: EMEI D\u00e9borah Thom\u00e9 Say\u00e3o\n\t\t\t\t<\/dd><\/dl><dl class='gallery-item'>\n\t\t\t<dt class='gallery-icon landscape'>\n\t\t\t\t<a href='https:\/\/www.riogrande.rs.gov.br\/smed\/wp-content\/uploads\/2017\/03\/20170307-ped-plano-image01.jpg' rel=\"lightbox[20795]\"><img loading=\"lazy\" decoding=\"async\" width=\"150\" height=\"150\" src=\"https:\/\/www.riogrande.rs.gov.br\/smed\/wp-content\/uploads\/2017\/03\/20170307-ped-plano-image01-150x150.jpg\" class=\"attachment-thumbnail size-thumbnail\" alt=\"\" aria-describedby=\"gallery-1-20797\" \/><\/a>\n\t\t\t<\/dt>\n\t\t\t\t<dd class='wp-caption-text gallery-caption' id='gallery-1-20797'>\n\t\t\t\tCr\u00e9dito: EMEI D\u00e9borah Thom\u00e9 Say\u00e3o\n\t\t\t\t<\/dd><\/dl><dl class='gallery-item'>\n\t\t\t<dt class='gallery-icon landscape'>\n\t\t\t\t<a href='https:\/\/www.riogrande.rs.gov.br\/smed\/wp-content\/uploads\/2017\/03\/20170307-ped-plano-image02.jpg' rel=\"lightbox[20795]\"><img loading=\"lazy\" decoding=\"async\" width=\"150\" height=\"150\" src=\"https:\/\/www.riogrande.rs.gov.br\/smed\/wp-content\/uploads\/2017\/03\/20170307-ped-plano-image02-150x150.jpg\" class=\"attachment-thumbnail size-thumbnail\" alt=\"\" aria-describedby=\"gallery-1-20798\" \/><\/a>\n\t\t\t<\/dt>\n\t\t\t\t<dd class='wp-caption-text gallery-caption' id='gallery-1-20798'>\n\t\t\t\tCr\u00e9dito: EMEI D\u00e9borah Thom\u00e9 Say\u00e3o\n\t\t\t\t<\/dd><\/dl><br style=\"clear: both\" \/>\n\t\t<\/div>\n\n<p style=\"text-align: justify;\">Na manh\u00e3 do \u00faltimo s\u00e1bado, 04 de mar\u00e7o, os professores da Escola Municipal de Educa\u00e7\u00e3o Infantil D\u00e9borah Thom\u00e9 Say\u00e3o, localizada no bairro Bolaxa, iniciaram seus estudos relativos ao \u201cPlano de A\u00e7\u00e3o\u201d, onde foram debatidos temas como a \u201cdocumenta\u00e7\u00e3o pedag\u00f3gica\u201d e \u201creflex\u00e3o a respeito da imagem da crian\u00e7a\u201d, de acordo com o educador e pedagogo Loris Malaguzzi.<\/p>\n<p style=\"text-align: justify;\"><!--more--><\/p>\n<p style=\"text-align: justify;\">A abordagem pedag\u00f3gica desenvolvida por Loris Malaguzzi est\u00e1 focada na interconex\u00e3o, ou seja, o conhecimento n\u00e3o pode estar separado do mundo, e para ter significado e gerar aprendizado, precisa estar contextualizado com a realidade das crian\u00e7as. Uma das principais premissas do educador \u00e9 que o corpo n\u00e3o est\u00e1 separado da cabe\u00e7a e s\u00f3 \u00e9 poss\u00edvel aprender por meio de est\u00edmulos e pela ativa\u00e7\u00e3o de todos os sentidos.<\/p>\n<p>&nbsp;<\/p>\n<p style=\"text-align: right;\"><em>SMEd<\/em><br \/>\n<em> Roberton Reis<\/em><br \/>\n<em> Com informa\u00e7\u00f5es da EMEI D\u00e9borah Thom\u00e9 Say\u00e3o<\/em><\/p>\n","protected":false},"excerpt":{"rendered":"<p>Na manh\u00e3 do \u00faltimo s\u00e1bado, 04 de mar\u00e7o, os professores da Escola Municipal de Educa\u00e7\u00e3o Infantil D\u00e9borah Thom\u00e9 Say\u00e3o, localizada no bairro Bolaxa, iniciaram seus estudos relativos ao \u201cPlano de A\u00e7\u00e3o\u201d, onde foram debatidos temas como a \u201cdocumenta\u00e7\u00e3o pedag\u00f3gica\u201d e \u201creflex\u00e3o a respeito da imagem da crian\u00e7a\u201d, de acordo com o educador e pedagogo Loris [&hellip;]<\/p>\n","protected":false},"author":7,"featured_media":0,"comment_status":"closed","ping_status":"closed","sticky":false,"template":"","format":"standard","meta":{"footnotes":""},"categories":[1,13],"tags":[],"class_list":["post-20795","post","type-post","status-publish","format-standard","hentry","category-noticias","category-pedagogico"],"_links":{"self":[{"href":"https:\/\/www.riogrande.rs.gov.br\/smed\/index.php?rest_route=\/wp\/v2\/posts\/20795"}],"collection":[{"href":"https:\/\/www.riogrande.rs.gov.br\/smed\/index.php?rest_route=\/wp\/v2\/posts"}],"about":[{"href":"https:\/\/www.riogrande.rs.gov.br\/smed\/index.php?rest_route=\/wp\/v2\/types\/post"}],"author":[{"embeddable":true,"href":"https:\/\/www.riogrande.rs.gov.br\/smed\/index.php?rest_route=\/wp\/v2\/users\/7"}],"replies":[{"embeddable":true,"href":"https:\/\/www.riogrande.rs.gov.br\/smed\/index.php?rest_route=%2Fwp%2Fv2%2Fcomments&post=20795"}],"version-history":[{"count":3,"href":"https:\/\/www.riogrande.rs.gov.br\/smed\/index.php?rest_route=\/wp\/v2\/posts\/20795\/revisions"}],"predecessor-version":[{"id":20806,"href":"https:\/\/www.riogrande.rs.gov.br\/smed\/index.php?rest_route=\/wp\/v2\/posts\/20795\/revisions\/20806"}],"wp:attachment":[{"href":"https:\/\/www.riogrande.rs.gov.br\/smed\/index.php?rest_route=%2Fwp%2Fv2%2Fmedia&parent=20795"}],"wp:term":[{"taxonomy":"category","embeddable":true,"href":"https:\/\/www.riogrande.rs.gov.br\/smed\/index.php?rest_route=%2Fwp%2Fv2%2Fcategories&post=20795"},{"taxonomy":"post_tag","embeddable":true,"href":"https:\/\/www.riogrande.rs.gov.br\/smed\/index.php?rest_route=%2Fwp%2Fv2%2Ftags&post=20795"}],"curies":[{"name":"wp","href":"https:\/\/api.w.org\/{rel}","templated":true}]}}