{"id":20773,"date":"2017-03-06T19:14:55","date_gmt":"2017-03-06T22:14:55","guid":{"rendered":"http:\/\/www.riogrande.rs.gov.br\/smed\/?p=20773"},"modified":"2017-03-10T16:04:05","modified_gmt":"2017-03-10T19:04:05","slug":"emei-deborah-thome-sayao-promoveu-exposicao-de-fotos-para-homenagear-rio-grande","status":"publish","type":"post","link":"https:\/\/www.riogrande.rs.gov.br\/smed\/?p=20773","title":{"rendered":"EMEI D\u00e9borah Thom\u00e9 Say\u00e3o promoveu \u201cExposi\u00e7\u00e3o de Fotos\u201d para homenagear Rio Grande"},"content":{"rendered":"\n\t\t<style type=\"text\/css\">\n\t\t\t#gallery-1 {\n\t\t\t\tmargin: auto;\n\t\t\t}\n\t\t\t#gallery-1 .gallery-item {\n\t\t\t\tfloat: left;\n\t\t\t\tmargin-top: 10px;\n\t\t\t\ttext-align: center;\n\t\t\t\twidth: 50%;\n\t\t\t}\n\t\t\t#gallery-1 img {\n\t\t\t\tborder: 2px solid #cfcfcf;\n\t\t\t}\n\t\t\t#gallery-1 .gallery-caption {\n\t\t\t\tmargin-left: 0;\n\t\t\t}\n\t\t\t\/* see gallery_shortcode() in wp-includes\/media.php *\/\n\t\t<\/style>\n\t\t<div id='gallery-1' class='gallery galleryid-20773 gallery-columns-2 gallery-size-thumbnail'><dl class='gallery-item'>\n\t\t\t<dt class='gallery-icon landscape'>\n\t\t\t\t<a href='https:\/\/www.riogrande.rs.gov.br\/smed\/wp-content\/uploads\/2017\/03\/20170306-ped-rio_grande-image00.jpg' rel=\"lightbox[20773]\"><img loading=\"lazy\" decoding=\"async\" width=\"150\" height=\"150\" src=\"https:\/\/www.riogrande.rs.gov.br\/smed\/wp-content\/uploads\/2017\/03\/20170306-ped-rio_grande-image00-150x150.jpg\" class=\"attachment-thumbnail size-thumbnail\" alt=\"\" aria-describedby=\"gallery-1-20774\" \/><\/a>\n\t\t\t<\/dt>\n\t\t\t\t<dd class='wp-caption-text gallery-caption' id='gallery-1-20774'>\n\t\t\t\tCr\u00e9dito: EMEI D\u00e9borah Thom\u00e9 Say\u00e3o\n\t\t\t\t<\/dd><\/dl><dl class='gallery-item'>\n\t\t\t<dt class='gallery-icon landscape'>\n\t\t\t\t<a href='https:\/\/www.riogrande.rs.gov.br\/smed\/wp-content\/uploads\/2017\/03\/20170306-ped-rio_grande-image01.jpg' rel=\"lightbox[20773]\"><img loading=\"lazy\" decoding=\"async\" width=\"150\" height=\"150\" src=\"https:\/\/www.riogrande.rs.gov.br\/smed\/wp-content\/uploads\/2017\/03\/20170306-ped-rio_grande-image01-150x150.jpg\" class=\"attachment-thumbnail size-thumbnail\" alt=\"\" aria-describedby=\"gallery-1-20775\" \/><\/a>\n\t\t\t<\/dt>\n\t\t\t\t<dd class='wp-caption-text gallery-caption' id='gallery-1-20775'>\n\t\t\t\tCr\u00e9dito: EMEI D\u00e9borah Thom\u00e9 Say\u00e3o\n\t\t\t\t<\/dd><\/dl><br style=\"clear: both\" \/><dl class='gallery-item'>\n\t\t\t<dt class='gallery-icon landscape'>\n\t\t\t\t<a href='https:\/\/www.riogrande.rs.gov.br\/smed\/wp-content\/uploads\/2017\/03\/20170306-ped-rio_grande-image02.jpg' rel=\"lightbox[20773]\"><img loading=\"lazy\" decoding=\"async\" width=\"150\" height=\"150\" src=\"https:\/\/www.riogrande.rs.gov.br\/smed\/wp-content\/uploads\/2017\/03\/20170306-ped-rio_grande-image02-150x150.jpg\" class=\"attachment-thumbnail size-thumbnail\" alt=\"\" aria-describedby=\"gallery-1-20776\" \/><\/a>\n\t\t\t<\/dt>\n\t\t\t\t<dd class='wp-caption-text gallery-caption' id='gallery-1-20776'>\n\t\t\t\tCr\u00e9dito: EMEI D\u00e9borah Thom\u00e9 Say\u00e3o\n\t\t\t\t<\/dd><\/dl><dl class='gallery-item'>\n\t\t\t<dt class='gallery-icon portrait'>\n\t\t\t\t<a href='https:\/\/www.riogrande.rs.gov.br\/smed\/wp-content\/uploads\/2017\/03\/20170306-ped-rio_grande-image03.jpg' rel=\"lightbox[20773]\"><img loading=\"lazy\" decoding=\"async\" width=\"150\" height=\"150\" src=\"https:\/\/www.riogrande.rs.gov.br\/smed\/wp-content\/uploads\/2017\/03\/20170306-ped-rio_grande-image03-150x150.jpg\" class=\"attachment-thumbnail size-thumbnail\" alt=\"\" aria-describedby=\"gallery-1-20777\" \/><\/a>\n\t\t\t<\/dt>\n\t\t\t\t<dd class='wp-caption-text gallery-caption' id='gallery-1-20777'>\n\t\t\t\tCr\u00e9dito: EMEI D\u00e9borah Thom\u00e9 Say\u00e3o\n\t\t\t\t<\/dd><\/dl><br style=\"clear: both\" \/>\n\t\t<\/div>\n\n<p style=\"text-align: justify;\">A Escola Municipal de Educa\u00e7\u00e3o Infantil <b>D\u00e9borah Thom\u00e9 Say\u00e3o<\/b>, que est\u00e1 localizada no bairro Bolaxa, realizou, no per\u00edodo de<b> 20 de fevereiro a 06 de mar\u00e7o<\/b>, uma exposi\u00e7\u00e3o de fotos para celebrar os \u201c<b>280 anos de funda\u00e7\u00e3o da cidade do Rio Grande<\/b>\u201d. De acordo com a diretora da Escola, Roselle Rodrigues, \u201c<b>nas fotos foi poss\u00edvel observar como nossa cidade \u00e9 encantadora, al\u00e9m de conhecer um pouquinho da hist\u00f3ria da nossa comunidade escolar com Rio Grande<\/b>\u201d.<\/p>\n<p>&nbsp;<\/p>\n<p style=\"text-align: right;\"><em>SMEd<\/em><br \/>\n<em> Roberton Reis<\/em><br \/>\n<em> Com informa\u00e7\u00f5es da EMEI D\u00e9borah Thom\u00e9 Say\u00e3o<\/em><\/p>\n","protected":false},"excerpt":{"rendered":"<p>A Escola Municipal de Educa\u00e7\u00e3o Infantil D\u00e9borah Thom\u00e9 Say\u00e3o, que est\u00e1 localizada no bairro Bolaxa, realizou, no per\u00edodo de 20 de fevereiro a 06 de mar\u00e7o, uma exposi\u00e7\u00e3o de fotos para celebrar os \u201c280 anos de funda\u00e7\u00e3o da cidade do Rio Grande\u201d. De acordo com a diretora da Escola, Roselle Rodrigues, \u201cnas fotos foi poss\u00edvel [&hellip;]<\/p>\n","protected":false},"author":7,"featured_media":0,"comment_status":"closed","ping_status":"closed","sticky":false,"template":"","format":"standard","meta":{"footnotes":""},"categories":[45,1,13],"tags":[],"class_list":["post-20773","post","type-post","status-publish","format-standard","hentry","category-280anosriogrande","category-noticias","category-pedagogico"],"_links":{"self":[{"href":"https:\/\/www.riogrande.rs.gov.br\/smed\/index.php?rest_route=\/wp\/v2\/posts\/20773"}],"collection":[{"href":"https:\/\/www.riogrande.rs.gov.br\/smed\/index.php?rest_route=\/wp\/v2\/posts"}],"about":[{"href":"https:\/\/www.riogrande.rs.gov.br\/smed\/index.php?rest_route=\/wp\/v2\/types\/post"}],"author":[{"embeddable":true,"href":"https:\/\/www.riogrande.rs.gov.br\/smed\/index.php?rest_route=\/wp\/v2\/users\/7"}],"replies":[{"embeddable":true,"href":"https:\/\/www.riogrande.rs.gov.br\/smed\/index.php?rest_route=%2Fwp%2Fv2%2Fcomments&post=20773"}],"version-history":[{"count":1,"href":"https:\/\/www.riogrande.rs.gov.br\/smed\/index.php?rest_route=\/wp\/v2\/posts\/20773\/revisions"}],"predecessor-version":[{"id":20778,"href":"https:\/\/www.riogrande.rs.gov.br\/smed\/index.php?rest_route=\/wp\/v2\/posts\/20773\/revisions\/20778"}],"wp:attachment":[{"href":"https:\/\/www.riogrande.rs.gov.br\/smed\/index.php?rest_route=%2Fwp%2Fv2%2Fmedia&parent=20773"}],"wp:term":[{"taxonomy":"category","embeddable":true,"href":"https:\/\/www.riogrande.rs.gov.br\/smed\/index.php?rest_route=%2Fwp%2Fv2%2Fcategories&post=20773"},{"taxonomy":"post_tag","embeddable":true,"href":"https:\/\/www.riogrande.rs.gov.br\/smed\/index.php?rest_route=%2Fwp%2Fv2%2Ftags&post=20773"}],"curies":[{"name":"wp","href":"https:\/\/api.w.org\/{rel}","templated":true}]}}