{"id":20725,"date":"2017-03-03T19:41:55","date_gmt":"2017-03-03T22:41:55","guid":{"rendered":"http:\/\/www.riogrande.rs.gov.br\/smed\/?p=20725"},"modified":"2017-03-03T19:41:55","modified_gmt":"2017-03-03T22:41:55","slug":"smed-participa-de-apresentacao-de-tcc-do-curso-de-artes-visuais","status":"publish","type":"post","link":"https:\/\/www.riogrande.rs.gov.br\/smed\/?p=20725","title":{"rendered":"SMEd participa de apresenta\u00e7\u00e3o de TCC do Curso de Artes Visuais"},"content":{"rendered":"\n\t\t<style type=\"text\/css\">\n\t\t\t#gallery-1 {\n\t\t\t\tmargin: auto;\n\t\t\t}\n\t\t\t#gallery-1 .gallery-item {\n\t\t\t\tfloat: left;\n\t\t\t\tmargin-top: 10px;\n\t\t\t\ttext-align: center;\n\t\t\t\twidth: 50%;\n\t\t\t}\n\t\t\t#gallery-1 img {\n\t\t\t\tborder: 2px solid #cfcfcf;\n\t\t\t}\n\t\t\t#gallery-1 .gallery-caption {\n\t\t\t\tmargin-left: 0;\n\t\t\t}\n\t\t\t\/* see gallery_shortcode() in wp-includes\/media.php *\/\n\t\t<\/style>\n\t\t<div id='gallery-1' class='gallery galleryid-20725 gallery-columns-2 gallery-size-thumbnail'><dl class='gallery-item'>\n\t\t\t<dt class='gallery-icon portrait'>\n\t\t\t\t<a href='https:\/\/www.riogrande.rs.gov.br\/smed\/wp-content\/uploads\/2017\/03\/20170303-ped-etnico-image00.jpg' rel=\"lightbox[20725]\"><img loading=\"lazy\" decoding=\"async\" width=\"150\" height=\"150\" src=\"https:\/\/www.riogrande.rs.gov.br\/smed\/wp-content\/uploads\/2017\/03\/20170303-ped-etnico-image00-150x150.jpg\" class=\"attachment-thumbnail size-thumbnail\" alt=\"\" aria-describedby=\"gallery-1-20727\" \/><\/a>\n\t\t\t<\/dt>\n\t\t\t\t<dd class='wp-caption-text gallery-caption' id='gallery-1-20727'>\n\t\t\t\tDivulga\u00e7\u00e3o\n\t\t\t\t<\/dd><\/dl><dl class='gallery-item'>\n\t\t\t<dt class='gallery-icon landscape'>\n\t\t\t\t<a href='https:\/\/www.riogrande.rs.gov.br\/smed\/wp-content\/uploads\/2017\/03\/20170303-ped-etnico-image01.jpg' rel=\"lightbox[20725]\"><img loading=\"lazy\" decoding=\"async\" width=\"150\" height=\"150\" src=\"https:\/\/www.riogrande.rs.gov.br\/smed\/wp-content\/uploads\/2017\/03\/20170303-ped-etnico-image01-150x150.jpg\" class=\"attachment-thumbnail size-thumbnail\" alt=\"\" aria-describedby=\"gallery-1-20728\" \/><\/a>\n\t\t\t<\/dt>\n\t\t\t\t<dd class='wp-caption-text gallery-caption' id='gallery-1-20728'>\n\t\t\t\tDivulga\u00e7\u00e3o\n\t\t\t\t<\/dd><\/dl><br style=\"clear: both\" \/>\n\t\t<\/div>\n\n<p style=\"text-align: justify;\">A Secretaria de Munic\u00edpio da Educa\u00e7\u00e3o de Rio Grande, atrav\u00e9s da Assessoria Pedag\u00f3gica das Rela\u00e7\u00f5es \u00c9tnico-Raciais, prestigiou a apresenta\u00e7\u00e3o do Trabalho de Conclus\u00e3o de Curso (TCC) de Andressa Farias Barrios, do Curso de Artes Visuais\/FURG, intitulado <b>&#8220;Mulata quitandeira: o lugar social da mulher negra no s\u00e9culo XIX em Rio Grande e sua aplica\u00e7\u00e3o no ensino de artes visuais<\/b>&#8220;.<\/p>\n<p style=\"text-align: justify;\"><!--more--><\/p>\n<p style=\"text-align: justify;\">\n<p style=\"text-align: justify;\">\u201c<b>Andressa \u00e9 uma estudante negra, que ingressou na Universidade atrav\u00e9s do Sistema de Cotas. Ex-aluna da Rede Municipal de Ensino, oriunda da EMEF Frederico Ernesto Buchholz, nos orgulha com sua trajet\u00f3ria, mostrando \u00e0 nossa sociedade o seu potencial como representante do povo negro e colocando em evid\u00eancia a contribui\u00e7\u00e3o da mulher negra como agente importante na constru\u00e7\u00e3o da hist\u00f3ria do Munic\u00edpio<\/b>\u201d, afirmou Ingrid Costa, assessora \u00e9tnico-racial da SMEd.<\/p>\n<p style=\"text-align: justify;\">De acordo com Ingrid Costa, <b>\u201cesse \u00e9 um exemplo do importante papel da educa\u00e7\u00e3o para a inser\u00e7\u00e3o dos jovens negros em diversas \u00e1reas de atua\u00e7\u00e3o, incentivando, assim, a continuidade em seus estudos e promovendo a hist\u00f3ria e a cultura negra na cidade do Rio Grande<\/b>\u201d.<\/p>\n<p style=\"text-align: right;\">\n<p style=\"text-align: right;\"><em>SMEd<\/em><br \/>\n<em> Roberton Reis<\/em><br \/>\n<em> Com informa\u00e7\u00f5es da Assessoria das Rela\u00e7\u00f5es \u00c9tnico-racial<\/em><\/p>\n","protected":false},"excerpt":{"rendered":"<p>A Secretaria de Munic\u00edpio da Educa\u00e7\u00e3o de Rio Grande, atrav\u00e9s da Assessoria Pedag\u00f3gica das Rela\u00e7\u00f5es \u00c9tnico-Raciais, prestigiou a apresenta\u00e7\u00e3o do Trabalho de Conclus\u00e3o de Curso (TCC) de Andressa Farias Barrios, do Curso de Artes Visuais\/FURG, intitulado &#8220;Mulata quitandeira: o lugar social da mulher negra no s\u00e9culo XIX em Rio Grande e sua aplica\u00e7\u00e3o no ensino [&hellip;]<\/p>\n","protected":false},"author":7,"featured_media":0,"comment_status":"closed","ping_status":"closed","sticky":false,"template":"","format":"standard","meta":{"footnotes":""},"categories":[1,13],"tags":[],"class_list":["post-20725","post","type-post","status-publish","format-standard","hentry","category-noticias","category-pedagogico"],"_links":{"self":[{"href":"https:\/\/www.riogrande.rs.gov.br\/smed\/index.php?rest_route=\/wp\/v2\/posts\/20725"}],"collection":[{"href":"https:\/\/www.riogrande.rs.gov.br\/smed\/index.php?rest_route=\/wp\/v2\/posts"}],"about":[{"href":"https:\/\/www.riogrande.rs.gov.br\/smed\/index.php?rest_route=\/wp\/v2\/types\/post"}],"author":[{"embeddable":true,"href":"https:\/\/www.riogrande.rs.gov.br\/smed\/index.php?rest_route=\/wp\/v2\/users\/7"}],"replies":[{"embeddable":true,"href":"https:\/\/www.riogrande.rs.gov.br\/smed\/index.php?rest_route=%2Fwp%2Fv2%2Fcomments&post=20725"}],"version-history":[{"count":1,"href":"https:\/\/www.riogrande.rs.gov.br\/smed\/index.php?rest_route=\/wp\/v2\/posts\/20725\/revisions"}],"predecessor-version":[{"id":20729,"href":"https:\/\/www.riogrande.rs.gov.br\/smed\/index.php?rest_route=\/wp\/v2\/posts\/20725\/revisions\/20729"}],"wp:attachment":[{"href":"https:\/\/www.riogrande.rs.gov.br\/smed\/index.php?rest_route=%2Fwp%2Fv2%2Fmedia&parent=20725"}],"wp:term":[{"taxonomy":"category","embeddable":true,"href":"https:\/\/www.riogrande.rs.gov.br\/smed\/index.php?rest_route=%2Fwp%2Fv2%2Fcategories&post=20725"},{"taxonomy":"post_tag","embeddable":true,"href":"https:\/\/www.riogrande.rs.gov.br\/smed\/index.php?rest_route=%2Fwp%2Fv2%2Ftags&post=20725"}],"curies":[{"name":"wp","href":"https:\/\/api.w.org\/{rel}","templated":true}]}}