{"id":20717,"date":"2017-03-03T19:21:58","date_gmt":"2017-03-03T22:21:58","guid":{"rendered":"http:\/\/www.riogrande.rs.gov.br\/smed\/?p=20717"},"modified":"2017-03-10T15:59:20","modified_gmt":"2017-03-10T18:59:20","slug":"emef-wanda-rocha-martins-realizou-baile-dos-280-anos-para-homenagear-rio-grande","status":"publish","type":"post","link":"https:\/\/www.riogrande.rs.gov.br\/smed\/?p=20717","title":{"rendered":"EMEF Wanda Rocha Martins realizou \u201cBaile dos 280 anos\u201d para homenagear Rio Grande"},"content":{"rendered":"\n\t\t<style type=\"text\/css\">\n\t\t\t#gallery-1 {\n\t\t\t\tmargin: auto;\n\t\t\t}\n\t\t\t#gallery-1 .gallery-item {\n\t\t\t\tfloat: left;\n\t\t\t\tmargin-top: 10px;\n\t\t\t\ttext-align: center;\n\t\t\t\twidth: 33%;\n\t\t\t}\n\t\t\t#gallery-1 img {\n\t\t\t\tborder: 2px solid #cfcfcf;\n\t\t\t}\n\t\t\t#gallery-1 .gallery-caption {\n\t\t\t\tmargin-left: 0;\n\t\t\t}\n\t\t\t\/* see gallery_shortcode() in wp-includes\/media.php *\/\n\t\t<\/style>\n\t\t<div id='gallery-1' class='gallery galleryid-20717 gallery-columns-3 gallery-size-thumbnail'><dl class='gallery-item'>\n\t\t\t<dt class='gallery-icon landscape'>\n\t\t\t\t<a href='https:\/\/www.riogrande.rs.gov.br\/smed\/wp-content\/uploads\/2017\/03\/20170303-ped-wanda-image00.jpg' rel=\"lightbox[20717]\"><img loading=\"lazy\" decoding=\"async\" width=\"150\" height=\"150\" src=\"https:\/\/www.riogrande.rs.gov.br\/smed\/wp-content\/uploads\/2017\/03\/20170303-ped-wanda-image00-150x150.jpg\" class=\"attachment-thumbnail size-thumbnail\" alt=\"\" aria-describedby=\"gallery-1-20720\" \/><\/a>\n\t\t\t<\/dt>\n\t\t\t\t<dd class='wp-caption-text gallery-caption' id='gallery-1-20720'>\n\t\t\t\tCr\u00e9dito: EMEF Wanda Rocha\n\t\t\t\t<\/dd><\/dl><dl class='gallery-item'>\n\t\t\t<dt class='gallery-icon landscape'>\n\t\t\t\t<a href='https:\/\/www.riogrande.rs.gov.br\/smed\/wp-content\/uploads\/2017\/03\/20170303-ped-wanda-image01.jpg' rel=\"lightbox[20717]\"><img loading=\"lazy\" decoding=\"async\" width=\"150\" height=\"150\" src=\"https:\/\/www.riogrande.rs.gov.br\/smed\/wp-content\/uploads\/2017\/03\/20170303-ped-wanda-image01-150x150.jpg\" class=\"attachment-thumbnail size-thumbnail\" alt=\"\" aria-describedby=\"gallery-1-20721\" \/><\/a>\n\t\t\t<\/dt>\n\t\t\t\t<dd class='wp-caption-text gallery-caption' id='gallery-1-20721'>\n\t\t\t\tCr\u00e9dito: EMEF Wanda Rocha\n\t\t\t\t<\/dd><\/dl><dl class='gallery-item'>\n\t\t\t<dt class='gallery-icon landscape'>\n\t\t\t\t<a href='https:\/\/www.riogrande.rs.gov.br\/smed\/wp-content\/uploads\/2017\/03\/20170303-ped-wanda-image02.jpg' rel=\"lightbox[20717]\"><img loading=\"lazy\" decoding=\"async\" width=\"150\" height=\"150\" src=\"https:\/\/www.riogrande.rs.gov.br\/smed\/wp-content\/uploads\/2017\/03\/20170303-ped-wanda-image02-150x150.jpg\" class=\"attachment-thumbnail size-thumbnail\" alt=\"\" aria-describedby=\"gallery-1-20722\" \/><\/a>\n\t\t\t<\/dt>\n\t\t\t\t<dd class='wp-caption-text gallery-caption' id='gallery-1-20722'>\n\t\t\t\tCr\u00e9dito: EMEF Wanda Rocha\n\t\t\t\t<\/dd><\/dl><br style=\"clear: both\" \/>\n\t\t<\/div>\n\n<p style=\"text-align: justify;\">Na Escola Municipal de Ensino Fundamental <b>Wanda Rocha Martins<\/b>, que est\u00e1 localizada no bairro Cassino, a homenagem aos \u201c<b>280 anos de funda\u00e7\u00e3o da cidade do Rio Grande<\/b>\u201d foi em ritmo de folia, pois a dire\u00e7\u00e3o, os professores e a coordena\u00e7\u00e3o pedag\u00f3gica do turno da tarde organizaram um Baile de Carnaval, denominado \u201c<b>Baile dos 280 anos<\/b>\u201d, para as turmas do 1\u00b0 ano B, 2\u00b0 ano B, 3\u00b0 ano A, B,C e D, 4\u00b0 ano A e B e 5\u00b0 ano A e B, no dia <b>23 de fevereiro<\/b>.<\/p>\n<p>&nbsp;<\/p>\n<p style=\"text-align: right;\"><em>SMEd<\/em><br \/>\n<em> Roberton Reis<\/em><br \/>\n<em> Com informa\u00e7\u00f5es da EMEF Wanda Rocha Martins<\/em><\/p>\n","protected":false},"excerpt":{"rendered":"<p>Na Escola Municipal de Ensino Fundamental Wanda Rocha Martins, que est\u00e1 localizada no bairro Cassino, a homenagem aos \u201c280 anos de funda\u00e7\u00e3o da cidade do Rio Grande\u201d foi em ritmo de folia, pois a dire\u00e7\u00e3o, os professores e a coordena\u00e7\u00e3o pedag\u00f3gica do turno da tarde organizaram um Baile de Carnaval, denominado \u201cBaile dos 280 anos\u201d, [&hellip;]<\/p>\n","protected":false},"author":7,"featured_media":0,"comment_status":"closed","ping_status":"closed","sticky":false,"template":"","format":"standard","meta":{"footnotes":""},"categories":[45,1,13],"tags":[],"class_list":["post-20717","post","type-post","status-publish","format-standard","hentry","category-280anosriogrande","category-noticias","category-pedagogico"],"_links":{"self":[{"href":"https:\/\/www.riogrande.rs.gov.br\/smed\/index.php?rest_route=\/wp\/v2\/posts\/20717"}],"collection":[{"href":"https:\/\/www.riogrande.rs.gov.br\/smed\/index.php?rest_route=\/wp\/v2\/posts"}],"about":[{"href":"https:\/\/www.riogrande.rs.gov.br\/smed\/index.php?rest_route=\/wp\/v2\/types\/post"}],"author":[{"embeddable":true,"href":"https:\/\/www.riogrande.rs.gov.br\/smed\/index.php?rest_route=\/wp\/v2\/users\/7"}],"replies":[{"embeddable":true,"href":"https:\/\/www.riogrande.rs.gov.br\/smed\/index.php?rest_route=%2Fwp%2Fv2%2Fcomments&post=20717"}],"version-history":[{"count":1,"href":"https:\/\/www.riogrande.rs.gov.br\/smed\/index.php?rest_route=\/wp\/v2\/posts\/20717\/revisions"}],"predecessor-version":[{"id":20723,"href":"https:\/\/www.riogrande.rs.gov.br\/smed\/index.php?rest_route=\/wp\/v2\/posts\/20717\/revisions\/20723"}],"wp:attachment":[{"href":"https:\/\/www.riogrande.rs.gov.br\/smed\/index.php?rest_route=%2Fwp%2Fv2%2Fmedia&parent=20717"}],"wp:term":[{"taxonomy":"category","embeddable":true,"href":"https:\/\/www.riogrande.rs.gov.br\/smed\/index.php?rest_route=%2Fwp%2Fv2%2Fcategories&post=20717"},{"taxonomy":"post_tag","embeddable":true,"href":"https:\/\/www.riogrande.rs.gov.br\/smed\/index.php?rest_route=%2Fwp%2Fv2%2Ftags&post=20717"}],"curies":[{"name":"wp","href":"https:\/\/api.w.org\/{rel}","templated":true}]}}