{"id":20703,"date":"2017-03-02T15:49:36","date_gmt":"2017-03-02T18:49:36","guid":{"rendered":"http:\/\/www.riogrande.rs.gov.br\/smed\/?p=20703"},"modified":"2017-03-02T15:53:49","modified_gmt":"2017-03-02T18:53:49","slug":"emeb-carmen-regina-teixeira-baldino-recebeu-a-visita-do-prefeito-de-rio-grande","status":"publish","type":"post","link":"https:\/\/www.riogrande.rs.gov.br\/smed\/?p=20703","title":{"rendered":"EMEB Carmen Regina Teixeira Baldino recebeu a visita do Prefeito de Rio Grande"},"content":{"rendered":"\n\t\t<style type=\"text\/css\">\n\t\t\t#gallery-1 {\n\t\t\t\tmargin: auto;\n\t\t\t}\n\t\t\t#gallery-1 .gallery-item {\n\t\t\t\tfloat: left;\n\t\t\t\tmargin-top: 10px;\n\t\t\t\ttext-align: center;\n\t\t\t\twidth: 33%;\n\t\t\t}\n\t\t\t#gallery-1 img {\n\t\t\t\tborder: 2px solid #cfcfcf;\n\t\t\t}\n\t\t\t#gallery-1 .gallery-caption {\n\t\t\t\tmargin-left: 0;\n\t\t\t}\n\t\t\t\/* see gallery_shortcode() in wp-includes\/media.php *\/\n\t\t<\/style>\n\t\t<div id='gallery-1' class='gallery galleryid-20703 gallery-columns-3 gallery-size-thumbnail'><dl class='gallery-item'>\n\t\t\t<dt class='gallery-icon landscape'>\n\t\t\t\t<a href='https:\/\/www.riogrande.rs.gov.br\/smed\/wp-content\/uploads\/2017\/03\/20170302-ped-carmen_baldino-image04.jpg' rel=\"lightbox[20703]\"><img loading=\"lazy\" decoding=\"async\" width=\"150\" height=\"150\" src=\"https:\/\/www.riogrande.rs.gov.br\/smed\/wp-content\/uploads\/2017\/03\/20170302-ped-carmen_baldino-image04-150x150.jpg\" class=\"attachment-thumbnail size-thumbnail\" alt=\"\" aria-describedby=\"gallery-1-20708\" \/><\/a>\n\t\t\t<\/dt>\n\t\t\t\t<dd class='wp-caption-text gallery-caption' id='gallery-1-20708'>\n\t\t\t\tCr\u00e9dito: Divulga\u00e7\u00e3o\n\t\t\t\t<\/dd><\/dl><dl class='gallery-item'>\n\t\t\t<dt class='gallery-icon portrait'>\n\t\t\t\t<a href='https:\/\/www.riogrande.rs.gov.br\/smed\/wp-content\/uploads\/2017\/03\/20170302-ped-carmen_baldino-image05.jpg' rel=\"lightbox[20703]\"><img loading=\"lazy\" decoding=\"async\" width=\"150\" height=\"150\" src=\"https:\/\/www.riogrande.rs.gov.br\/smed\/wp-content\/uploads\/2017\/03\/20170302-ped-carmen_baldino-image05-150x150.jpg\" class=\"attachment-thumbnail size-thumbnail\" alt=\"\" aria-describedby=\"gallery-1-20709\" \/><\/a>\n\t\t\t<\/dt>\n\t\t\t\t<dd class='wp-caption-text gallery-caption' id='gallery-1-20709'>\n\t\t\t\tCr\u00e9dito: Divulga\u00e7\u00e3o\n\t\t\t\t<\/dd><\/dl><dl class='gallery-item'>\n\t\t\t<dt class='gallery-icon landscape'>\n\t\t\t\t<a href='https:\/\/www.riogrande.rs.gov.br\/smed\/wp-content\/uploads\/2017\/03\/20170302-ped-carmen_baldino-image01.jpg' rel=\"lightbox[20703]\"><img loading=\"lazy\" decoding=\"async\" width=\"150\" height=\"150\" src=\"https:\/\/www.riogrande.rs.gov.br\/smed\/wp-content\/uploads\/2017\/03\/20170302-ped-carmen_baldino-image01-150x150.jpg\" class=\"attachment-thumbnail size-thumbnail\" alt=\"\" aria-describedby=\"gallery-1-20705\" \/><\/a>\n\t\t\t<\/dt>\n\t\t\t\t<dd class='wp-caption-text gallery-caption' id='gallery-1-20705'>\n\t\t\t\tCr\u00e9dito: Divulga\u00e7\u00e3o\n\t\t\t\t<\/dd><\/dl><br style=\"clear: both\" \/><dl class='gallery-item'>\n\t\t\t<dt class='gallery-icon landscape'>\n\t\t\t\t<a href='https:\/\/www.riogrande.rs.gov.br\/smed\/wp-content\/uploads\/2017\/03\/20170302-ped-carmen_baldino-image00.jpg' rel=\"lightbox[20703]\"><img loading=\"lazy\" decoding=\"async\" width=\"150\" height=\"150\" src=\"https:\/\/www.riogrande.rs.gov.br\/smed\/wp-content\/uploads\/2017\/03\/20170302-ped-carmen_baldino-image00-150x150.jpg\" class=\"attachment-thumbnail size-thumbnail\" alt=\"\" aria-describedby=\"gallery-1-20704\" \/><\/a>\n\t\t\t<\/dt>\n\t\t\t\t<dd class='wp-caption-text gallery-caption' id='gallery-1-20704'>\n\t\t\t\tCr\u00e9dito: Divulga\u00e7\u00e3o\n\t\t\t\t<\/dd><\/dl><dl class='gallery-item'>\n\t\t\t<dt class='gallery-icon landscape'>\n\t\t\t\t<a href='https:\/\/www.riogrande.rs.gov.br\/smed\/wp-content\/uploads\/2017\/03\/20170302-ped-carmen_baldino-image02.jpg' rel=\"lightbox[20703]\"><img loading=\"lazy\" decoding=\"async\" width=\"150\" height=\"150\" src=\"https:\/\/www.riogrande.rs.gov.br\/smed\/wp-content\/uploads\/2017\/03\/20170302-ped-carmen_baldino-image02-150x150.jpg\" class=\"attachment-thumbnail size-thumbnail\" alt=\"\" aria-describedby=\"gallery-1-20706\" \/><\/a>\n\t\t\t<\/dt>\n\t\t\t\t<dd class='wp-caption-text gallery-caption' id='gallery-1-20706'>\n\t\t\t\tCr\u00e9dito: Divulga\u00e7\u00e3o\n\t\t\t\t<\/dd><\/dl><dl class='gallery-item'>\n\t\t\t<dt class='gallery-icon landscape'>\n\t\t\t\t<a href='https:\/\/www.riogrande.rs.gov.br\/smed\/wp-content\/uploads\/2017\/03\/20170302-ped-carmen_baldino-image03.jpg' rel=\"lightbox[20703]\"><img loading=\"lazy\" decoding=\"async\" width=\"150\" height=\"150\" src=\"https:\/\/www.riogrande.rs.gov.br\/smed\/wp-content\/uploads\/2017\/03\/20170302-ped-carmen_baldino-image03-150x150.jpg\" class=\"attachment-thumbnail size-thumbnail\" alt=\"\" aria-describedby=\"gallery-1-20707\" \/><\/a>\n\t\t\t<\/dt>\n\t\t\t\t<dd class='wp-caption-text gallery-caption' id='gallery-1-20707'>\n\t\t\t\tCr\u00e9dito: Divulga\u00e7\u00e3o\n\t\t\t\t<\/dd><\/dl><br style=\"clear: both\" \/>\n\t\t<\/div>\n\n<p style=\"text-align: justify;\">No final da manh\u00e3 do dia <b>24 de fevereiro<\/b>, a Escola Municipal de Educa\u00e7\u00e3o Bil\u00edngue Professora <b>Carmen Regina Teixeira Baldino <\/b>\u00a0recebeu a visita do prefeito de Rio Grande, Alexandre Lindenmeyer, acompanhado da primeira-dama, Eunice Lanes Lindenmeyer, juntamente com a equipe da Secretaria de Munic\u00edpio da Educa\u00e7\u00e3o (SMEd): secret\u00e1ria da Educa\u00e7\u00e3o, Ingrid Wally Jorge; superintendente de Gest\u00e3o da Educa\u00e7\u00e3o, Vanessa Pintanel; e superintendente de Gest\u00e3o Pedag\u00f3gica, Felipe Alonso.<\/p>\n<p style=\"text-align: justify;\"><!--more--><\/p>\n<p style=\"text-align: justify;\">A diretora da Escola, Cristiane Lima Terra Fernandes, junto com os professores e funcion\u00e1rios, apresentaram dois v\u00eddeos alusivos aos \u201c280 anos de Rio Grande\u2019, produzidos pelos alunos surdos do Ensino Fundamental e da Educa\u00e7\u00e3o de Jovens e Adultos (EJA), onde s\u00e3o apresentados alguns pontos tur\u00edsticos e hist\u00f3ricos do Munic\u00edpio.<\/p>\n<p style=\"text-align: justify;\">As coordenadoras Pedag\u00f3gicas Dileta Peres da Silva, Maria Auxiliadora Terra Duarte e Neiva Furtado planejaram, junto com os professores, a confec\u00e7\u00e3o de maquetes de alguns pr\u00e9dios da Cidade, bem como os pain\u00e9is art\u00edsticos que os alunos da Escola fizeram.<\/p>\n<p style=\"text-align: right;\"><em>SMEd<\/em><br \/>\n<em> Roberton Reis<\/em><br \/>\n<em> Com informa\u00e7\u00f5es da EMEB Carmen Regina Teixeira Baldino<\/em><\/p>\n","protected":false},"excerpt":{"rendered":"<p>No final da manh\u00e3 do dia 24 de fevereiro, a Escola Municipal de Educa\u00e7\u00e3o Bil\u00edngue Professora Carmen Regina Teixeira Baldino \u00a0recebeu a visita do prefeito de Rio Grande, Alexandre Lindenmeyer, acompanhado da primeira-dama, Eunice Lanes Lindenmeyer, juntamente com a equipe da Secretaria de Munic\u00edpio da Educa\u00e7\u00e3o (SMEd): secret\u00e1ria da Educa\u00e7\u00e3o, Ingrid Wally Jorge; superintendente de [&hellip;]<\/p>\n","protected":false},"author":7,"featured_media":0,"comment_status":"closed","ping_status":"closed","sticky":false,"template":"","format":"standard","meta":{"footnotes":""},"categories":[1,13],"tags":[],"class_list":["post-20703","post","type-post","status-publish","format-standard","hentry","category-noticias","category-pedagogico"],"_links":{"self":[{"href":"https:\/\/www.riogrande.rs.gov.br\/smed\/index.php?rest_route=\/wp\/v2\/posts\/20703"}],"collection":[{"href":"https:\/\/www.riogrande.rs.gov.br\/smed\/index.php?rest_route=\/wp\/v2\/posts"}],"about":[{"href":"https:\/\/www.riogrande.rs.gov.br\/smed\/index.php?rest_route=\/wp\/v2\/types\/post"}],"author":[{"embeddable":true,"href":"https:\/\/www.riogrande.rs.gov.br\/smed\/index.php?rest_route=\/wp\/v2\/users\/7"}],"replies":[{"embeddable":true,"href":"https:\/\/www.riogrande.rs.gov.br\/smed\/index.php?rest_route=%2Fwp%2Fv2%2Fcomments&post=20703"}],"version-history":[{"count":1,"href":"https:\/\/www.riogrande.rs.gov.br\/smed\/index.php?rest_route=\/wp\/v2\/posts\/20703\/revisions"}],"predecessor-version":[{"id":20710,"href":"https:\/\/www.riogrande.rs.gov.br\/smed\/index.php?rest_route=\/wp\/v2\/posts\/20703\/revisions\/20710"}],"wp:attachment":[{"href":"https:\/\/www.riogrande.rs.gov.br\/smed\/index.php?rest_route=%2Fwp%2Fv2%2Fmedia&parent=20703"}],"wp:term":[{"taxonomy":"category","embeddable":true,"href":"https:\/\/www.riogrande.rs.gov.br\/smed\/index.php?rest_route=%2Fwp%2Fv2%2Fcategories&post=20703"},{"taxonomy":"post_tag","embeddable":true,"href":"https:\/\/www.riogrande.rs.gov.br\/smed\/index.php?rest_route=%2Fwp%2Fv2%2Ftags&post=20703"}],"curies":[{"name":"wp","href":"https:\/\/api.w.org\/{rel}","templated":true}]}}