{"id":20695,"date":"2017-03-02T15:15:57","date_gmt":"2017-03-02T18:15:57","guid":{"rendered":"http:\/\/www.riogrande.rs.gov.br\/smed\/?p=20695"},"modified":"2017-03-10T15:59:30","modified_gmt":"2017-03-10T18:59:30","slug":"emef-dom-pedro-ii-realizou-exposicao-de-desenhos-para-celebrar-os-280-anos-de-rio-grande","status":"publish","type":"post","link":"https:\/\/www.riogrande.rs.gov.br\/smed\/?p=20695","title":{"rendered":"EMEF Dom Pedro II realizou Exposi\u00e7\u00e3o de Desenhos para celebrar os \u201c280 anos de Rio Grande\u201d"},"content":{"rendered":"\n\t\t<style type=\"text\/css\">\n\t\t\t#gallery-1 {\n\t\t\t\tmargin: auto;\n\t\t\t}\n\t\t\t#gallery-1 .gallery-item {\n\t\t\t\tfloat: left;\n\t\t\t\tmargin-top: 10px;\n\t\t\t\ttext-align: center;\n\t\t\t\twidth: 33%;\n\t\t\t}\n\t\t\t#gallery-1 img {\n\t\t\t\tborder: 2px solid #cfcfcf;\n\t\t\t}\n\t\t\t#gallery-1 .gallery-caption {\n\t\t\t\tmargin-left: 0;\n\t\t\t}\n\t\t\t\/* see gallery_shortcode() in wp-includes\/media.php *\/\n\t\t<\/style>\n\t\t<div id='gallery-1' class='gallery galleryid-20695 gallery-columns-3 gallery-size-thumbnail'><dl class='gallery-item'>\n\t\t\t<dt class='gallery-icon landscape'>\n\t\t\t\t<a href='https:\/\/www.riogrande.rs.gov.br\/smed\/wp-content\/uploads\/2017\/03\/20170302-ped-dom_pedro-image00.jpg' rel=\"lightbox[20695]\"><img loading=\"lazy\" decoding=\"async\" width=\"150\" height=\"150\" src=\"https:\/\/www.riogrande.rs.gov.br\/smed\/wp-content\/uploads\/2017\/03\/20170302-ped-dom_pedro-image00-150x150.jpg\" class=\"attachment-thumbnail size-thumbnail\" alt=\"\" aria-describedby=\"gallery-1-20696\" \/><\/a>\n\t\t\t<\/dt>\n\t\t\t\t<dd class='wp-caption-text gallery-caption' id='gallery-1-20696'>\n\t\t\t\tCr\u00e9dito: Divulga\u00e7\u00e3o\n\t\t\t\t<\/dd><\/dl><dl class='gallery-item'>\n\t\t\t<dt class='gallery-icon landscape'>\n\t\t\t\t<a href='https:\/\/www.riogrande.rs.gov.br\/smed\/wp-content\/uploads\/2017\/03\/20170302-ped-dom_pedro-image01.jpg' rel=\"lightbox[20695]\"><img loading=\"lazy\" decoding=\"async\" width=\"150\" height=\"150\" src=\"https:\/\/www.riogrande.rs.gov.br\/smed\/wp-content\/uploads\/2017\/03\/20170302-ped-dom_pedro-image01-150x150.jpg\" class=\"attachment-thumbnail size-thumbnail\" alt=\"\" aria-describedby=\"gallery-1-20697\" \/><\/a>\n\t\t\t<\/dt>\n\t\t\t\t<dd class='wp-caption-text gallery-caption' id='gallery-1-20697'>\n\t\t\t\tCr\u00e9dito: Divulga\u00e7\u00e3o\n\t\t\t\t<\/dd><\/dl><dl class='gallery-item'>\n\t\t\t<dt class='gallery-icon landscape'>\n\t\t\t\t<a href='https:\/\/www.riogrande.rs.gov.br\/smed\/wp-content\/uploads\/2017\/03\/20170302-ped-dom_pedro-image02.jpg' rel=\"lightbox[20695]\"><img loading=\"lazy\" decoding=\"async\" width=\"150\" height=\"150\" src=\"https:\/\/www.riogrande.rs.gov.br\/smed\/wp-content\/uploads\/2017\/03\/20170302-ped-dom_pedro-image02-150x150.jpg\" class=\"attachment-thumbnail size-thumbnail\" alt=\"\" aria-describedby=\"gallery-1-20698\" \/><\/a>\n\t\t\t<\/dt>\n\t\t\t\t<dd class='wp-caption-text gallery-caption' id='gallery-1-20698'>\n\t\t\t\tCr\u00e9dito: Divulga\u00e7\u00e3o\n\t\t\t\t<\/dd><\/dl><br style=\"clear: both\" \/>\n\t\t<\/div>\n\n<p style=\"text-align: justify;\"><span style=\"font-weight: 400;\">No dia <\/span><b>24 de fevereiro<\/b><span style=\"font-weight: 400;\">, a Escola Municipal de Ensino Fundamental <\/span><b>Dom Pedro II<\/b><span style=\"font-weight: 400;\">, a fim de celebrar os \u201c<\/span><b>280 anos de funda\u00e7\u00e3o da cidade do Rio Grande<\/b><span style=\"font-weight: 400;\">\u201d, realizou uma exposi\u00e7\u00e3o de desenhos, com o tema \u00a0\u201c<\/span><b>O que mais amo na minha cidade<\/b><span style=\"font-weight: 400;\">\u201d. <\/span><\/p>\n<p style=\"text-align: justify;\"><!--more--><\/p>\n<p style=\"text-align: justify;\"><span style=\"font-weight: 400;\">De acordo com Karine Dias Pinto, coordenadora pedag\u00f3gica, \u201c<\/span><b>os alunos criaram os desenhos nas aulas de Artes, durante a semana, quando tamb\u00e9m foi preparado um painel alusivo ao P\u00f3rtico de Entrada da Cidade, onde est\u00e3o sendo expostas fotos dos alunos da Escola, as quais foram enviadas pelos respons\u00e1veis<\/b><span style=\"font-weight: 400;\">\u201d.<\/span><\/p>\n<p style=\"text-align: justify;\"><span style=\"font-weight: 400;\">\u201c<\/span><b>O movimento foi em toda a Escola; todas as turmas realizaram os desenhos e envolveram-se com as atividades propostas. Desse modo, j\u00e1 escolhemos o seguinte tema gerador do 1\u00b0 semestre: \u2018280 anos de Rio Grande, Conhecendo e Valorizando nossa Cidade\u2019. Ao final deste semestre teremos uma mostra para encerramento dos trabalhos de pesquisa e estudos que ocorrer\u00e3o ao longo dos pr\u00f3ximos meses<\/b><span style=\"font-weight: 400;\">\u201d, explicou Karine.<\/span><\/p>\n<p>&nbsp;<\/p>\n<p style=\"text-align: right;\"><em>SMEd<\/em><br \/>\n<em> Roberton Reis<\/em><br \/>\n<em> Com informa\u00e7\u00f5es da EMEF Dom Pedro II<\/em><\/p>\n","protected":false},"excerpt":{"rendered":"<p>No dia 24 de fevereiro, a Escola Municipal de Ensino Fundamental Dom Pedro II, a fim de celebrar os \u201c280 anos de funda\u00e7\u00e3o da cidade do Rio Grande\u201d, realizou uma exposi\u00e7\u00e3o de desenhos, com o tema \u00a0\u201cO que mais amo na minha cidade\u201d.<\/p>\n","protected":false},"author":7,"featured_media":0,"comment_status":"closed","ping_status":"closed","sticky":false,"template":"","format":"standard","meta":{"footnotes":""},"categories":[45,1,13],"tags":[],"class_list":["post-20695","post","type-post","status-publish","format-standard","hentry","category-280anosriogrande","category-noticias","category-pedagogico"],"_links":{"self":[{"href":"https:\/\/www.riogrande.rs.gov.br\/smed\/index.php?rest_route=\/wp\/v2\/posts\/20695"}],"collection":[{"href":"https:\/\/www.riogrande.rs.gov.br\/smed\/index.php?rest_route=\/wp\/v2\/posts"}],"about":[{"href":"https:\/\/www.riogrande.rs.gov.br\/smed\/index.php?rest_route=\/wp\/v2\/types\/post"}],"author":[{"embeddable":true,"href":"https:\/\/www.riogrande.rs.gov.br\/smed\/index.php?rest_route=\/wp\/v2\/users\/7"}],"replies":[{"embeddable":true,"href":"https:\/\/www.riogrande.rs.gov.br\/smed\/index.php?rest_route=%2Fwp%2Fv2%2Fcomments&post=20695"}],"version-history":[{"count":3,"href":"https:\/\/www.riogrande.rs.gov.br\/smed\/index.php?rest_route=\/wp\/v2\/posts\/20695\/revisions"}],"predecessor-version":[{"id":20861,"href":"https:\/\/www.riogrande.rs.gov.br\/smed\/index.php?rest_route=\/wp\/v2\/posts\/20695\/revisions\/20861"}],"wp:attachment":[{"href":"https:\/\/www.riogrande.rs.gov.br\/smed\/index.php?rest_route=%2Fwp%2Fv2%2Fmedia&parent=20695"}],"wp:term":[{"taxonomy":"category","embeddable":true,"href":"https:\/\/www.riogrande.rs.gov.br\/smed\/index.php?rest_route=%2Fwp%2Fv2%2Fcategories&post=20695"},{"taxonomy":"post_tag","embeddable":true,"href":"https:\/\/www.riogrande.rs.gov.br\/smed\/index.php?rest_route=%2Fwp%2Fv2%2Ftags&post=20695"}],"curies":[{"name":"wp","href":"https:\/\/api.w.org\/{rel}","templated":true}]}}