{"id":20690,"date":"2017-03-01T16:20:14","date_gmt":"2017-03-01T19:20:14","guid":{"rendered":"http:\/\/www.riogrande.rs.gov.br\/smed\/?p=20690"},"modified":"2017-03-01T16:20:14","modified_gmt":"2017-03-01T19:20:14","slug":"informe-sobre-o-horario-de-atendimento-da-prefeitura","status":"publish","type":"post","link":"https:\/\/www.riogrande.rs.gov.br\/smed\/?p=20690","title":{"rendered":"INFORME SOBRE O HOR\u00c1RIO DE ATENDIMENTO DA PREFEITURA"},"content":{"rendered":"<p class=\"sizeable\" style=\"text-align: justify;\"><a href=\"http:\/\/www.riogrande.rs.gov.br\/smed\/wp-content\/uploads\/2017\/03\/20170301-pmrg_brasao.jpg\" rel=\"lightbox[20690]\"><img loading=\"lazy\" decoding=\"async\" class=\"aligncenter size-medium wp-image-20692\" src=\"http:\/\/www.riogrande.rs.gov.br\/smed\/wp-content\/uploads\/2017\/03\/20170301-pmrg_brasao-485x453.jpg\" alt=\"\" width=\"485\" height=\"453\" srcset=\"https:\/\/www.riogrande.rs.gov.br\/smed\/wp-content\/uploads\/2017\/03\/20170301-pmrg_brasao-485x453.jpg 485w, https:\/\/www.riogrande.rs.gov.br\/smed\/wp-content\/uploads\/2017\/03\/20170301-pmrg_brasao-222x207.jpg 222w, https:\/\/www.riogrande.rs.gov.br\/smed\/wp-content\/uploads\/2017\/03\/20170301-pmrg_brasao.jpg 700w\" sizes=\"(max-width: 485px) 100vw, 485px\" \/><\/a><\/p>\n<p class=\"sizeable\" style=\"text-align: justify;\">O Prefeito Municipal, Alexandre Lindenmeyer, assinou na \u00faltima quarta-feira (22) uma Ordem de Servi\u00e7o (003\/2017)\u00a0determinando o encerramento do hor\u00e1rio de ver\u00e3o da Prefeitura. A partir de hoje (1\u00ba)\u00a0o hor\u00e1rio de atendimento ser\u00e1 das 12h30 \u00e0s 18h30.<\/p>\n<p class=\"sizeable\" style=\"text-align: right;\"><strong>\u00a0<\/strong><em>Assessoria de Comunica\u00e7\u00e3o\/PMRG<\/em><\/p>\n","protected":false},"excerpt":{"rendered":"<p>O Prefeito Municipal, Alexandre Lindenmeyer, assinou na \u00faltima quarta-feira (22) uma Ordem de Servi\u00e7o (003\/2017)\u00a0determinando o encerramento do hor\u00e1rio de ver\u00e3o da Prefeitura. A partir de hoje (1\u00ba)\u00a0o hor\u00e1rio de atendimento ser\u00e1 das 12h30 \u00e0s 18h30. \u00a0Assessoria de Comunica\u00e7\u00e3o\/PMRG<\/p>\n","protected":false},"author":7,"featured_media":0,"comment_status":"closed","ping_status":"closed","sticky":false,"template":"","format":"standard","meta":{"footnotes":""},"categories":[1],"tags":[],"class_list":["post-20690","post","type-post","status-publish","format-standard","hentry","category-noticias"],"_links":{"self":[{"href":"https:\/\/www.riogrande.rs.gov.br\/smed\/index.php?rest_route=\/wp\/v2\/posts\/20690"}],"collection":[{"href":"https:\/\/www.riogrande.rs.gov.br\/smed\/index.php?rest_route=\/wp\/v2\/posts"}],"about":[{"href":"https:\/\/www.riogrande.rs.gov.br\/smed\/index.php?rest_route=\/wp\/v2\/types\/post"}],"author":[{"embeddable":true,"href":"https:\/\/www.riogrande.rs.gov.br\/smed\/index.php?rest_route=\/wp\/v2\/users\/7"}],"replies":[{"embeddable":true,"href":"https:\/\/www.riogrande.rs.gov.br\/smed\/index.php?rest_route=%2Fwp%2Fv2%2Fcomments&post=20690"}],"version-history":[{"count":1,"href":"https:\/\/www.riogrande.rs.gov.br\/smed\/index.php?rest_route=\/wp\/v2\/posts\/20690\/revisions"}],"predecessor-version":[{"id":20693,"href":"https:\/\/www.riogrande.rs.gov.br\/smed\/index.php?rest_route=\/wp\/v2\/posts\/20690\/revisions\/20693"}],"wp:attachment":[{"href":"https:\/\/www.riogrande.rs.gov.br\/smed\/index.php?rest_route=%2Fwp%2Fv2%2Fmedia&parent=20690"}],"wp:term":[{"taxonomy":"category","embeddable":true,"href":"https:\/\/www.riogrande.rs.gov.br\/smed\/index.php?rest_route=%2Fwp%2Fv2%2Fcategories&post=20690"},{"taxonomy":"post_tag","embeddable":true,"href":"https:\/\/www.riogrande.rs.gov.br\/smed\/index.php?rest_route=%2Fwp%2Fv2%2Ftags&post=20690"}],"curies":[{"name":"wp","href":"https:\/\/api.w.org\/{rel}","templated":true}]}}