{"id":20660,"date":"2017-02-24T19:35:51","date_gmt":"2017-02-24T22:35:51","guid":{"rendered":"http:\/\/www.riogrande.rs.gov.br\/smed\/?p=20660"},"modified":"2017-02-24T19:37:58","modified_gmt":"2017-02-24T22:37:58","slug":"executivo-municipal-realiza-visitas-a-escolas-do-municipio","status":"publish","type":"post","link":"https:\/\/www.riogrande.rs.gov.br\/smed\/?p=20660","title":{"rendered":"EXECUTIVO MUNICIPAL REALIZA VISITAS A ESCOLAS DO MUNIC\u00cdPIO"},"content":{"rendered":"<div id=\"attachment_20661\" style=\"width: 495px\" class=\"wp-caption aligncenter\"><a href=\"http:\/\/www.riogrande.rs.gov.br\/smed\/wp-content\/uploads\/2017\/02\/20170224-pmrg1.jpg\" rel=\"lightbox[20660]\"><img loading=\"lazy\" decoding=\"async\" aria-describedby=\"caption-attachment-20661\" class=\"size-medium wp-image-20661\" src=\"http:\/\/www.riogrande.rs.gov.br\/smed\/wp-content\/uploads\/2017\/02\/20170224-pmrg1-485x323.jpg\" alt=\"\" width=\"485\" height=\"323\" srcset=\"https:\/\/www.riogrande.rs.gov.br\/smed\/wp-content\/uploads\/2017\/02\/20170224-pmrg1-485x323.jpg 485w, https:\/\/www.riogrande.rs.gov.br\/smed\/wp-content\/uploads\/2017\/02\/20170224-pmrg1-311x207.jpg 311w, https:\/\/www.riogrande.rs.gov.br\/smed\/wp-content\/uploads\/2017\/02\/20170224-pmrg1.jpg 700w\" sizes=\"(max-width: 485px) 100vw, 485px\" \/><\/a><p id=\"caption-attachment-20661\" class=\"wp-caption-text\">Cr\u00e9dito: Marcos Jatahy<\/p><\/div>\n<p style=\"text-align: justify;\">Fonte: <a href=\"http:\/\/www.riogrande.rs.gov.br\/pagina\/index.php\/noticias\/detalhes+13f0f4b,,executivo-municipal-realiza-visitas-em-escolas-do-municipio.html#.WLCzBPpv_R1\" target=\"_blank\"><strong>www.riogrande.rs.gov.br<\/strong><\/a><\/p>\n<p style=\"text-align: justify;\">O Executivo Municipal, atrav\u00e9s do Prefeito Alexandre Lindenmeyer e da primeira dama Eunice Lanes Lindenmeyer, realizou hoje, 24, uma s\u00e9rie de visitas em escolas da rede municipal de ensino.<\/p>\n<p style=\"text-align: justify;\"><!--more--><\/p>\n<p style=\"text-align: justify;\">\n<p style=\"text-align: justify;\">A primeira escola a receber a presen\u00e7a do Chefe do Executivo, foi a E.M.E.F Dolores Garcia, localizada no Parque Guanabara. Na ocasi\u00e3o, o Prefeito foi recebido com uma apresenta\u00e7\u00e3o do Rancho Folcl\u00f3rico Portugu\u00eas.\u00a0Os alunos recitaram poemas de autoria pr\u00f3pria e as professoras apresentaram um v\u00eddeo feito pelos estudantes sobre o patrim\u00f4nio do balne\u00e1rio Cassino.<\/p>\n<p style=\"text-align: justify;\">A segunda escola visitada foi a E.M.E.F Ana Neri, que fica no Bolaxa. A recep\u00e7\u00e3o contou com leitura de cartas, poemas e caf\u00e9 da manh\u00e3 com os professores.<\/p>\n<p style=\"text-align: justify;\">A \u00faltima escola na\u00a0qual o Prefeito compareceu pela parte da manh\u00e3 foi a Escola Municipal de Educa\u00e7\u00e3o Bil\u00edngue Carmen Regina Teixeira Baldino, que fica no centro da cidade. Na oportunidade, houve uma conversa com os alunos com o apoio de uma tradutora e a reprodu\u00e7\u00e3o de um v\u00eddeo feito pelos estudantes das s\u00e9ries finais acerca dos pontos tur\u00edsticos e hist\u00f3ricos da cidade.<\/p>\n<p style=\"text-align: justify;\">Durante o per\u00edodo da tarde, a primeira escola visitada foi a E.M.E.F Zelly Esmeraldo, localizada no Bairro Cidade de \u00c1gueda, onde houve uma exposi\u00e7\u00e3o de trabalhos focados no anivers\u00e1rio do Munic\u00edpio. Logo ap\u00f3s, a comitiva do Executivo partiu em dire\u00e7\u00e3o ao Bairro Santa Rosa, onde na Escola Assis Brasil, foram recepcionados por uma apresenta\u00e7\u00e3o tem\u00e1tica de Carnaval, assim como uma exposi\u00e7\u00e3o de trabalhos realizados pelos alunos da Institui\u00e7\u00e3o. Encerrando o cronograma de visita\u00e7\u00f5es, o Prefeito Alexandre foi at\u00e9 a localidade do S\u00edtio Santa Cruz, onde foi recebido com a apresenta\u00e7\u00e3o da Banda Marcial da escola Ant\u00f4nio Lopes, sob o regimento do instrutor Marci Soares Farias (Tutti).<\/p>\n<p>&nbsp;<\/p>\n<p style=\"text-align: right;\"><em>Assessoria de Comunica\u00e7\u00e3o\/PMRG<\/em><\/p>\n","protected":false},"excerpt":{"rendered":"<p>Fonte: www.riogrande.rs.gov.br O Executivo Municipal, atrav\u00e9s do Prefeito Alexandre Lindenmeyer e da primeira dama Eunice Lanes Lindenmeyer, realizou hoje, 24, uma s\u00e9rie de visitas em escolas da rede municipal de ensino.<\/p>\n","protected":false},"author":7,"featured_media":0,"comment_status":"closed","ping_status":"closed","sticky":false,"template":"","format":"standard","meta":{"footnotes":""},"categories":[1],"tags":[],"class_list":["post-20660","post","type-post","status-publish","format-standard","hentry","category-noticias"],"_links":{"self":[{"href":"https:\/\/www.riogrande.rs.gov.br\/smed\/index.php?rest_route=\/wp\/v2\/posts\/20660"}],"collection":[{"href":"https:\/\/www.riogrande.rs.gov.br\/smed\/index.php?rest_route=\/wp\/v2\/posts"}],"about":[{"href":"https:\/\/www.riogrande.rs.gov.br\/smed\/index.php?rest_route=\/wp\/v2\/types\/post"}],"author":[{"embeddable":true,"href":"https:\/\/www.riogrande.rs.gov.br\/smed\/index.php?rest_route=\/wp\/v2\/users\/7"}],"replies":[{"embeddable":true,"href":"https:\/\/www.riogrande.rs.gov.br\/smed\/index.php?rest_route=%2Fwp%2Fv2%2Fcomments&post=20660"}],"version-history":[{"count":5,"href":"https:\/\/www.riogrande.rs.gov.br\/smed\/index.php?rest_route=\/wp\/v2\/posts\/20660\/revisions"}],"predecessor-version":[{"id":20666,"href":"https:\/\/www.riogrande.rs.gov.br\/smed\/index.php?rest_route=\/wp\/v2\/posts\/20660\/revisions\/20666"}],"wp:attachment":[{"href":"https:\/\/www.riogrande.rs.gov.br\/smed\/index.php?rest_route=%2Fwp%2Fv2%2Fmedia&parent=20660"}],"wp:term":[{"taxonomy":"category","embeddable":true,"href":"https:\/\/www.riogrande.rs.gov.br\/smed\/index.php?rest_route=%2Fwp%2Fv2%2Fcategories&post=20660"},{"taxonomy":"post_tag","embeddable":true,"href":"https:\/\/www.riogrande.rs.gov.br\/smed\/index.php?rest_route=%2Fwp%2Fv2%2Ftags&post=20660"}],"curies":[{"name":"wp","href":"https:\/\/api.w.org\/{rel}","templated":true}]}}