{"id":20654,"date":"2017-02-24T19:25:43","date_gmt":"2017-02-24T22:25:43","guid":{"rendered":"http:\/\/www.riogrande.rs.gov.br\/smed\/?p=20654"},"modified":"2017-03-10T16:00:11","modified_gmt":"2017-03-10T19:00:11","slug":"emei-nilza-alves-goncalves-celebra-os-280-anos-de-rio-grande-com-exposicao-cantos-e-encantos","status":"publish","type":"post","link":"https:\/\/www.riogrande.rs.gov.br\/smed\/?p=20654","title":{"rendered":"EMEI Nilza Alves Gon\u00e7alves celebra os \u201c280 anos de Rio Grande\u201d com exposi\u00e7\u00e3o \u201cCantos e Encantos\u201d"},"content":{"rendered":"\n\t\t<style type=\"text\/css\">\n\t\t\t#gallery-1 {\n\t\t\t\tmargin: auto;\n\t\t\t}\n\t\t\t#gallery-1 .gallery-item {\n\t\t\t\tfloat: left;\n\t\t\t\tmargin-top: 10px;\n\t\t\t\ttext-align: center;\n\t\t\t\twidth: 33%;\n\t\t\t}\n\t\t\t#gallery-1 img {\n\t\t\t\tborder: 2px solid #cfcfcf;\n\t\t\t}\n\t\t\t#gallery-1 .gallery-caption {\n\t\t\t\tmargin-left: 0;\n\t\t\t}\n\t\t\t\/* see gallery_shortcode() in wp-includes\/media.php *\/\n\t\t<\/style>\n\t\t<div id='gallery-1' class='gallery galleryid-20654 gallery-columns-3 gallery-size-thumbnail'><dl class='gallery-item'>\n\t\t\t<dt class='gallery-icon landscape'>\n\t\t\t\t<a href='https:\/\/www.riogrande.rs.gov.br\/smed\/wp-content\/uploads\/2017\/02\/20170224-ped-nilza-image00.jpg' rel=\"lightbox[20654]\"><img loading=\"lazy\" decoding=\"async\" width=\"150\" height=\"150\" src=\"https:\/\/www.riogrande.rs.gov.br\/smed\/wp-content\/uploads\/2017\/02\/20170224-ped-nilza-image00-150x150.jpg\" class=\"attachment-thumbnail size-thumbnail\" alt=\"\" aria-describedby=\"gallery-1-20655\" \/><\/a>\n\t\t\t<\/dt>\n\t\t\t\t<dd class='wp-caption-text gallery-caption' id='gallery-1-20655'>\n\t\t\t\tCr\u00e9dito: EMEI Nilza Alves Gon\u00e7alves\n\t\t\t\t<\/dd><\/dl><dl class='gallery-item'>\n\t\t\t<dt class='gallery-icon landscape'>\n\t\t\t\t<a href='https:\/\/www.riogrande.rs.gov.br\/smed\/wp-content\/uploads\/2017\/02\/20170224-ped-nilza-image01.jpg' rel=\"lightbox[20654]\"><img loading=\"lazy\" decoding=\"async\" width=\"150\" height=\"150\" src=\"https:\/\/www.riogrande.rs.gov.br\/smed\/wp-content\/uploads\/2017\/02\/20170224-ped-nilza-image01-150x150.jpg\" class=\"attachment-thumbnail size-thumbnail\" alt=\"\" aria-describedby=\"gallery-1-20656\" \/><\/a>\n\t\t\t<\/dt>\n\t\t\t\t<dd class='wp-caption-text gallery-caption' id='gallery-1-20656'>\n\t\t\t\tCr\u00e9dito: EMEI Nilza Alves Gon\u00e7alves\n\t\t\t\t<\/dd><\/dl><dl class='gallery-item'>\n\t\t\t<dt class='gallery-icon landscape'>\n\t\t\t\t<a href='https:\/\/www.riogrande.rs.gov.br\/smed\/wp-content\/uploads\/2017\/02\/20170224-ped-nilza-image02.jpg' rel=\"lightbox[20654]\"><img loading=\"lazy\" decoding=\"async\" width=\"150\" height=\"150\" src=\"https:\/\/www.riogrande.rs.gov.br\/smed\/wp-content\/uploads\/2017\/02\/20170224-ped-nilza-image02-150x150.jpg\" class=\"attachment-thumbnail size-thumbnail\" alt=\"\" aria-describedby=\"gallery-1-20657\" \/><\/a>\n\t\t\t<\/dt>\n\t\t\t\t<dd class='wp-caption-text gallery-caption' id='gallery-1-20657'>\n\t\t\t\tCr\u00e9dito: EMEI Nilza Alves Gon\u00e7alves\n\t\t\t\t<\/dd><\/dl><br style=\"clear: both\" \/>\n\t\t<\/div>\n\n<p style=\"text-align: justify;\">A Escola Municipal de Educa\u00e7\u00e3o Infantil Prof.\u00aa<b> Nilza Alves Gon\u00e7alves<\/b>, que est\u00e1 localizada no bairro Am\u00e9rica, tamb\u00e9m entrou no clima das comemora\u00e7\u00f5es dos \u201c<b>280 anos de funda\u00e7\u00e3o da cidade do Rio Grande<\/b>\u201d, \u00a0e explorou o que a cidade tem de mais belo: seus \u201cCantos e Encantos\u201d, que foram expostos, atrav\u00e9s de gravuras, para a aprecia\u00e7\u00e3o da comunidade escolar, que tamb\u00e9m teve a oportunidade de participar da exposi\u00e7\u00e3o colaborando com fotos onde a fam\u00edlia estivesse usufruindo de um dos espa\u00e7os preferidos da Cidade.<\/p>\n<p style=\"text-align: justify;\"><!--more--><\/p>\n<p style=\"text-align: justify;\">\u201c<b>A participa\u00e7\u00e3o das crian\u00e7as foi intensa na cria\u00e7\u00e3o e na composi\u00e7\u00e3o do tradicional \u2018Lobo Marinho\u2019, atividade que foi criada pela professora Rebeca Lambrecht<\/b>\u201d, explicou a dire\u00e7\u00e3o da EMEI Nilza Alves Gon\u00e7alves.<\/p>\n<p>&nbsp;<\/p>\n<p style=\"text-align: right;\"><em>SMEd<\/em><br \/>\n<em> Roberton Reis<\/em><br \/>\n<em> Com informa\u00e7\u00f5es da EMEI Nilza Alves Gon\u00e7alves<\/em><\/p>\n","protected":false},"excerpt":{"rendered":"<p>A Escola Municipal de Educa\u00e7\u00e3o Infantil Prof.\u00aa Nilza Alves Gon\u00e7alves, que est\u00e1 localizada no bairro Am\u00e9rica, tamb\u00e9m entrou no clima das comemora\u00e7\u00f5es dos \u201c280 anos de funda\u00e7\u00e3o da cidade do Rio Grande\u201d, \u00a0e explorou o que a cidade tem de mais belo: seus \u201cCantos e Encantos\u201d, que foram expostos, atrav\u00e9s de gravuras, para a aprecia\u00e7\u00e3o [&hellip;]<\/p>\n","protected":false},"author":7,"featured_media":0,"comment_status":"closed","ping_status":"closed","sticky":false,"template":"","format":"standard","meta":{"footnotes":""},"categories":[45,1,13],"tags":[],"class_list":["post-20654","post","type-post","status-publish","format-standard","hentry","category-280anosriogrande","category-noticias","category-pedagogico"],"_links":{"self":[{"href":"https:\/\/www.riogrande.rs.gov.br\/smed\/index.php?rest_route=\/wp\/v2\/posts\/20654"}],"collection":[{"href":"https:\/\/www.riogrande.rs.gov.br\/smed\/index.php?rest_route=\/wp\/v2\/posts"}],"about":[{"href":"https:\/\/www.riogrande.rs.gov.br\/smed\/index.php?rest_route=\/wp\/v2\/types\/post"}],"author":[{"embeddable":true,"href":"https:\/\/www.riogrande.rs.gov.br\/smed\/index.php?rest_route=\/wp\/v2\/users\/7"}],"replies":[{"embeddable":true,"href":"https:\/\/www.riogrande.rs.gov.br\/smed\/index.php?rest_route=%2Fwp%2Fv2%2Fcomments&post=20654"}],"version-history":[{"count":2,"href":"https:\/\/www.riogrande.rs.gov.br\/smed\/index.php?rest_route=\/wp\/v2\/posts\/20654\/revisions"}],"predecessor-version":[{"id":20862,"href":"https:\/\/www.riogrande.rs.gov.br\/smed\/index.php?rest_route=\/wp\/v2\/posts\/20654\/revisions\/20862"}],"wp:attachment":[{"href":"https:\/\/www.riogrande.rs.gov.br\/smed\/index.php?rest_route=%2Fwp%2Fv2%2Fmedia&parent=20654"}],"wp:term":[{"taxonomy":"category","embeddable":true,"href":"https:\/\/www.riogrande.rs.gov.br\/smed\/index.php?rest_route=%2Fwp%2Fv2%2Fcategories&post=20654"},{"taxonomy":"post_tag","embeddable":true,"href":"https:\/\/www.riogrande.rs.gov.br\/smed\/index.php?rest_route=%2Fwp%2Fv2%2Ftags&post=20654"}],"curies":[{"name":"wp","href":"https:\/\/api.w.org\/{rel}","templated":true}]}}